{"id":5978,"date":"2022-05-25T14:00:50","date_gmt":"2022-05-25T14:00:50","guid":{"rendered":"https:\/\/naturclima-poctefa.eu\/2022\/05\/25\/pampelune-a-accueilli-le-seminaire-final-du-projet-naturclima\/"},"modified":"2022-05-26T10:10:20","modified_gmt":"2022-05-26T10:10:20","slug":"pampelune-a-accueilli-le-seminaire-final-du-projet-naturclima","status":"publish","type":"post","link":"https:\/\/naturclima-poctefa.eu\/fr\/pampelune-a-accueilli-le-seminaire-final-du-projet-naturclima\/","title":{"rendered":"Pampelune a accueilli le s\u00e9minaire final du projet NaturClima"},"content":{"rendered":"<p>[et_pb_section fb_built=\u00a0\u00bb1&Prime; admin_label=\u00a0\u00bbsection\u00a0\u00bb _builder_version=\u00a0\u00bb4.16&Prime; custom_margin_tablet=\u00a0\u00bb-20px||||false|false\u00a0\u00bb custom_margin_phone=\u00a0\u00bb-20px||||false|false\u00a0\u00bb custom_margin_last_edited=\u00a0\u00bbon|phone\u00a0\u00bb custom_padding=\u00a0\u00bb0px||||false|false\u00a0\u00bb global_colors_info=\u00a0\u00bb{}\u00a0\u00bb][et_pb_row admin_label=\u00a0\u00bbrow\u00a0\u00bb _builder_version=\u00a0\u00bb4.16&Prime; background_size=\u00a0\u00bbinitial\u00a0\u00bb background_position=\u00a0\u00bbtop_left\u00a0\u00bb background_repeat=\u00a0\u00bbrepeat\u00a0\u00bb global_colors_info=\u00a0\u00bb{}\u00a0\u00bb][et_pb_column type=\u00a0\u00bb4_4&Prime; _builder_version=\u00a0\u00bb4.16&Prime; custom_padding=\u00a0\u00bb|||\u00a0\u00bb global_colors_info=\u00a0\u00bb{}\u00a0\u00bb custom_padding__hover=\u00a0\u00bb|||\u00a0\u00bb][et_pb_post_title author=\u00a0\u00bboff\u00a0\u00bb date_format=\u00a0\u00bbd\/m\/Y\u00a0\u00bb comments=\u00a0\u00bboff\u00a0\u00bb featured_image=\u00a0\u00bboff\u00a0\u00bb _builder_version=\u00a0\u00bb4.17.4&Prime; _module_preset=\u00a0\u00bbdefault\u00a0\u00bb global_colors_info=\u00a0\u00bb{}\u00a0\u00bb][\/et_pb_post_title][et_pb_video src=\u00a0\u00bbhttps:\/\/youtu.be\/E7di5auAgJI\u00a0\u00bb src_webm=\u00a0\u00bbhttps:\/\/youtu.be\/E7di5auAgJI\u00a0\u00bb _builder_version=\u00a0\u00bb4.17.4&Prime; _module_preset=\u00a0\u00bbdefault\u00a0\u00bb hover_enabled=\u00a0\u00bb0&Prime; global_colors_info=\u00a0\u00bb{}\u00a0\u00bb sticky_enabled=\u00a0\u00bb0&Prime;][\/et_pb_video][et_pb_text admin_label=\u00a0\u00bbText\u00a0\u00bb _builder_version=\u00a0\u00bb4.17.4&Prime; background_size=\u00a0\u00bbinitial\u00a0\u00bb background_position=\u00a0\u00bbtop_left\u00a0\u00bb background_repeat=\u00a0\u00bbrepeat\u00a0\u00bb hover_enabled=\u00a0\u00bb0&Prime; global_colors_info=\u00a0\u00bb{}\u00a0\u00bb sticky_enabled=\u00a0\u00bb0&Prime;]<\/p>\n<p>Le 17 mai a eu lieu le s\u00e9minaire final du projet NaturClima, mis en marche en 2019 pour renforcer la coop\u00e9ration entre les organismes charg\u00e9s de la gestion et gouvernance des espaces naturels de part et d&rsquo;autre des Pyr\u00e9n\u00e9es dans le but de prot\u00e9ger, d\u00e9velopper et am\u00e9liorer leur adaptation au changement climatique.<\/p>\n<p>\u00a0Les organismes suivants ont particip\u00e9 \u00e0 cette initiative de coop\u00e9ration transfrontali\u00e8re qui touche actuellement \u00e0 sa fin : les soci\u00e9t\u00e9s publiques <a href=\"https:\/\/gan-nik.es\/\"><u>Gesti\u00f3nAmbiental de Navarra<\/u><\/a> (GAN-NIK) et <a href=\"https:\/\/www.nasuvinsa.es\/\"><u>Navarra de Suelo y Vivienda (NASUVINSA)<\/u><\/a>; <a href=\"http:\/\/www.pyrenees-parcnational.fr\/\"><u>le Parc National des Pyr\u00e9n\u00e9es<\/u><\/a> et l&rsquo;association<a href=\"https:\/\/www.cpie65.fr\/\"><u> CPIE Bigorre-Pyr\u00e9n\u00e9es<\/u><\/a>, du D\u00e9partement des Hautes-Pyr\u00e9n\u00e9es; <a href=\"https:\/\/www.centredelamer.fr\/\"><u>le Centre de la Mer de Biarritz<\/u><\/a>, de Nouvelle-Aquitaine; et le<a href=\"https:\/\/www.navarra.es\/es\/gobierno-de-navarra\/departamento-de-desarrollo-rural-y-medio-ambiente\"><u> D\u00e9partement de D\u00e9veloppement Rural et Environnemental du Gouvernement de Navarre<\/u><\/a>, en tant que chef de file. Le projet a dispos\u00e9 d&rsquo;un budget de 2,1 millions d&rsquo;euros, dont 65% a \u00e9t\u00e9 cofinanc\u00e9 par le Fonds Europ\u00e9en de D\u00e9veloppement R\u00e9gional (FEDER), par le biais du <a href=\"https:\/\/ec.europa.eu\/regional_policy\/es\/funding\/erdf\/\"><u>Programme Interreg V-A Espagne-France-Andorre (POCTEFA 2014-2020)<\/u><\/a>.<\/p>\n<p>\u00a0La journ\u00e9e, inaugur\u00e9e par Pablo Mu\u00f1oz, directeur g\u00e9n\u00e9ral du d\u00e9partement d&rsquo;environnement du Gouvernement de Navarre, a \u00e9t\u00e9 marqu\u00e9e par la pr\u00e9sence online du scientifique et divulgateur reconnu Fernando Valladares, chercheur du Conseil sup\u00e9rieur de la recherche scientifique (CSIC), qui a pr\u00e9sent\u00e9 un colloque intitul\u00e9 \u00ab\u00a0Changement climatique et espaces naturels : Qui prot\u00e8ge qui ?\u00a0\u00bb. Apr\u00e8s avoir plant\u00e9 le d\u00e9cor global des effets du changement climatique, l&rsquo;expert a assur\u00e9 que les espaces naturels prot\u00e9g\u00e9s ne sont ni un luxe, ni une d\u00e9pense, mais \u00ab\u00a0un investissement extraordinairement rentable \u00e0 moyen et long terme\u00a0\u00bb.<\/p>\n<p>\u00a0Au cours de la matin\u00e9e, ont pr\u00e9senta les actions d&rsquo;adaptation au changement climatique d\u00e9velopp\u00e9es dans le cadre de NaturClima par les membres partenaires du projet, ainsi que les exp\u00e9riences dans ce domaine des projets LIFE NADAPTA et LIFE NaturAdapt, puisque un des axes de travail de NaturClima a \u00e9t\u00e9 la collaboration avec d&rsquo;autres projets et la capitalisation des savoirs et pratiques d\u00e9velopp\u00e9es jusque alors dans le domaine de l&rsquo;adaptation au changement climatique.<\/p>\n<p>\u00a0Pendant l&rsquo;apr\u00e8s-midi et le lendemain, les repr\u00e9sentants des organismes partenaires ont tenu la derni\u00e8re r\u00e9union de suivi du projet afin de faire un bilan des r\u00e9sultats. De m\u00eame, ils ont eu l&rsquo;occasion de visiter la R\u00e9serve Naturelle de la Source de l&rsquo;Urederra, un site naturel spectaculaire dont NaturClima a cofinanc\u00e9 la mise en place d&rsquo;infrastructures en bois pour comptabiliser les visites en prot\u00e9geant l&rsquo;environnement.<\/p>\n<p>\u00a0<strong>Les parcs naturels de Se\u00f1or\u00edo de Bertiz et Urbasa-Andia, espaces de r\u00e9f\u00e9rence en adaptation<\/strong><\/p>\n<p>Les principaux lieux d&rsquo;intervention du projet \u00e9taient les parcs naturels de Navarre de Se\u00f1or\u00edo de <a href=\"http:\/\/www.parquedebertiz.es\/informacion-es\/el-parque-natural.html\"><u>Bertiz<\/u><\/a> et <a href=\"http:\/\/www.parquedeurbasa.es\/informacion\/el-parque.html\"><u>Urbasa<\/u><\/a>-Andia, les <a href=\"https:\/\/www.centredelamer.fr\/\"><u>espaces atlantiques et marins du littoral des Pyr\u00e9n\u00e9es-Atlantiques<\/u><\/a> et <a href=\"http:\/\/www.pyrenees-parcnational.fr\/fr\"><u>le Parc National des Pyr\u00e9n\u00e9es<\/u><\/a>, o\u00f9 des \u00e9tudes et interventions ont \u00e9t\u00e9 men\u00e9es afin de faire de ces sites des espaces naturels de r\u00e9f\u00e9rence en adaptation au changement climatique.<\/p>\n<p>\u00a0Au sein de ces espaces, on a effectu\u00e9 des \u00e9tudes de la flore, faune et sols en relation avec les changements climatiques, gr\u00e2ce \u00e0 des programmes hautement innovants tels qu&rsquo;Orchamp, une premi\u00e8re pour le Parc National des Pyr\u00e9n\u00e9es. Les r\u00e9sultats ainsi que ceux des autres programmes de suivi du Parc seront bient\u00f4t disponibles sur un portail web nomm\u00e9 observatoire climatique. Dans le cas d&rsquo;Urbasa, on a \u00e9galement analys\u00e9 le patrimoine g\u00e9ologique et arch\u00e9ologique, afin de le mettre en valeur et am\u00e9liorer sa conservation. \u00c0Bertiz, une intervention a \u00e9t\u00e9 men\u00e9e visant \u00e0 \u00e9radiquer et contr\u00f4ler des esp\u00e8ces envahisseuses comme le Prunus laurocerasus, Fallopia, Palmier, Diospyrosvirginiana et Pawloniatomentosa. Afin d&rsquo;\u00e9viter la colonisation de la part de ces esp\u00e8ces, on a proc\u00e9d\u00e9 \u00e0 la plantation de ch\u00e2taigniers et au semis de glands de ch\u00eane p\u00e9doncul\u00e9.<\/p>\n<p>\u00a0D&rsquo;autres interventions ont \u00e9t\u00e9 men\u00e9es pour am\u00e9liorer les services et \u00e9quipements des espaces naturels afin de r\u00e9duire les impacts environnementaux et comptabiliser leurs usages r\u00e9cr\u00e9atifs, d&rsquo;\u00e9levage et forestiers dans la conservation. Dans la m\u00eame veine, on a am\u00e9nag\u00e9 des sentiers et autres infrastructures, cr\u00e9\u00e9 et r\u00e9nov\u00e9 des \u00e9quipements, remplac\u00e9 les \u00e9nergies fossiles par d&rsquo;autres plus durables, am\u00e9lior\u00e9 l&rsquo;accessibilit\u00e9 et habilit\u00e9 des services aux visiteurs.<\/p>\n<p><strong>\u00c9tude des oiseaux et du carbone des pr\u00e9s<\/strong><\/p>\n<p>Parall\u00e8lement, en dehors de ces lieux de r\u00e9f\u00e9rence, plusieurs \u00e9tudes concernant le changement climatique ont \u00e9t\u00e9 men\u00e9es \u00e0 bien. D&rsquo;une part, dans le col de Lindus et dans les zones marines des Pyr\u00e9n\u00e9es-Atlantiques, un suivi des oiseaux a \u00e9t\u00e9 effectu\u00e9, dont les parcours migratoires sont un indicateur \u00e9vident des changements climatiques. Les r\u00e9sultats seront visibles dans une publication conjointe du Centre de la Mer de Biarritz et du D\u00e9partement de Gestion Environnementale de Navarre. D&rsquo;autre part, un travail de recherche sur la fixation du carbone dans les pr\u00e9s de Navarre de haute valeur naturelle a \u00e9t\u00e9 men\u00e9 par l&rsquo;Universit\u00e9 Publique de Navarre en collaboration avec l&rsquo;Universit\u00e9 du Pays basque, qui a confirm\u00e9 que la capacit\u00e9 de stockage du carbone organique des pr\u00e9s de syst\u00e8me de haute valeur naturelle (SAVN) d&rsquo;\u00e9levage extensif pyr\u00e9n\u00e9en est \u00e9lev\u00e9e, avec des concentrations \u00e9quivalentes voire sup\u00e9rieures \u00e0 celles que l&rsquo;on retrouve dans les sols forestiers.<\/p>\n<p>\u00a0<strong>Formation de professionnels et sensibilisation<\/strong><\/p>\n<p>Parall\u00e8lement aux \u00e9tudes scientifiques, la formation de professionnels a \u00e9t\u00e9 un des autres points d&rsquo;intervention du projet NaturClima : plusieurs s\u00e9minaires sur la gouvernance participative ont \u00e9t\u00e9 dispens\u00e9s, des cours pour former du personnel technique en durabilit\u00e9 et des ateliers sur la gestion des for\u00eats, \u00e9ducation environnementale, gestion des espaces marins et migration des oiseaux.<\/p>\n<p>\u00c0 travers l&rsquo;\u00e9ducation environnementale et la sensibilisation, les organismes partenaires de NaturClima ont travaill\u00e9 \u00e0 la formation d&rsquo;une population sensibilis\u00e9e aux d\u00e9fis climatiques et \u00e0 la valeur des espaces naturels qui contribue \u00e0 leur conservation. Pour ce faire, on a mis\u00e9 sur des propositions novatrices et \u00e0 l&rsquo;approche positive comme le jeu de soci\u00e9t\u00e9 Kosta sur la biodiversit\u00e9 marine, l&rsquo;escape room d&rsquo;adaptation au changement climatique Mission Climat et les Cartes Blanches qui, en jouant sur les sentiments, incluent des spectacles de rue et des programmes inter-g\u00e9n\u00e9rationnels de radio. On a \u00e9galement mis en avant l&rsquo;approche participative, comme dans le cas des Aires Marines \u00c9ducatives du littoral des Pyr\u00e9n\u00e9es-Atlantiques, o\u00f9 l&rsquo;on invite les enfants \u00e0 g\u00e9rer les espaces c\u00f4tiers. En outre, un guide p\u00e9dagogique a \u00e9t\u00e9 mis en \u0153uvre et des journ\u00e9es ouvertes au public ont \u00e9t\u00e9 organis\u00e9es, ainsi que des s\u00e9ances et concours avec des groupes scolaires, des actions de volontariat jeune et des voyages d&rsquo;\u00e9tude avec de futur(e)s professionnel(le)s de l&rsquo;Environnement. De nombreuses activit\u00e9s vari\u00e9es ont \u00e9t\u00e9 partag\u00e9es sur la page web <a href=\"http:\/\/www.naturclimapoctefa.eu\/\">www.naturclimapoctefa.eu<\/a>, les newsletters, les profils des r\u00e9seaux sociaux et les produits de <em>merchandising<\/em>.<\/p>\n<p>[\/et_pb_text][dsm_masonry_gallery gallery_ids=\u00a0\u00bb5975,5972,5968&Prime; columns=\u00a0\u00bb2&Prime; use_horizontal_order=\u00a0\u00bboff\u00a0\u00bb use_zoom_on_hover=\u00a0\u00bbon\u00a0\u00bb _builder_version=\u00a0\u00bb4.17.4&Prime; _module_preset=\u00a0\u00bbdefault\u00a0\u00bb border_radii_grid=\u00a0\u00bboff||||\u00a0\u00bb global_colors_info=\u00a0\u00bb{}\u00a0\u00bb][\/dsm_masonry_gallery][\/et_pb_column][\/et_pb_row][\/et_pb_section]<\/p>\n","protected":false},"excerpt":{"rendered":"<p>Des organismes de part et d&rsquo;autre des Pyr\u00e9n\u00e9es ont travaill\u00e9 en collaboration pendant quatre ans afin d&rsquo;am\u00e9liorer l&rsquo;adaptation des espaces naturels prot\u00e9g\u00e9s au changement climatique<\/p>\n","protected":false},"author":1,"featured_media":5968,"comment_status":"closed","ping_status":"closed","sticky":false,"template":"","format":"standard","meta":{"_et_pb_use_builder":"on","_et_pb_old_content":"","_et_gb_content_width":"","footnotes":""},"categories":[167],"tags":[],"class_list":["post-5978","post","type-post","status-publish","format-standard","has-post-thumbnail","hentry","category-nouvelles"],"yoast_head":"<!-- This site is optimized with the Yoast SEO plugin v26.9 - https:\/\/yoast.com\/product\/yoast-seo-wordpress\/ -->\n<title>Pampelune a accueilli le s\u00e9minaire final du projet NaturClima &#8226; NaturClima<\/title>\n<meta name=\"description\" content=\"Des organismes de part et d&#039;autre des Pyr\u00e9n\u00e9es ont travaill\u00e9 en collaboration afin d&#039;am\u00e9liorer l&#039;adaptation des espaces naturels prot\u00e9g\u00e9s au changement climatique\" \/>\n<meta name=\"robots\" content=\"index, follow, max-snippet:-1, max-image-preview:large, max-video-preview:-1\" \/>\n<link rel=\"canonical\" href=\"https:\/\/naturclima-poctefa.eu\/fr\/pampelune-a-accueilli-le-seminaire-final-du-projet-naturclima\/\" \/>\n<meta property=\"og:locale\" content=\"fr_FR\" \/>\n<meta property=\"og:type\" content=\"article\" \/>\n<meta property=\"og:title\" content=\"Pampelune a accueilli le s\u00e9minaire final du projet NaturClima &#8226; NaturClima\" \/>\n<meta property=\"og:description\" content=\"Des organismes de part et d&#039;autre des Pyr\u00e9n\u00e9es ont travaill\u00e9 en collaboration afin d&#039;am\u00e9liorer l&#039;adaptation des espaces naturels prot\u00e9g\u00e9s au changement climatique\" \/>\n<meta property=\"og:url\" content=\"https:\/\/naturclima-poctefa.eu\/fr\/pampelune-a-accueilli-le-seminaire-final-du-projet-naturclima\/\" \/>\n<meta property=\"og:site_name\" content=\"NaturClima\" \/>\n<meta property=\"article:publisher\" content=\"https:\/\/www.facebook.com\/naturclimapoctefa\" \/>\n<meta property=\"article:published_time\" content=\"2022-05-25T14:00:50+00:00\" \/>\n<meta property=\"article:modified_time\" content=\"2022-05-26T10:10:20+00:00\" \/>\n<meta property=\"og:image\" content=\"https:\/\/naturclima-poctefa.eu\/wp-content\/uploads\/2022\/05\/evento-final-socios-NaturClima.jpg\" \/>\n\t<meta property=\"og:image:width\" content=\"1000\" \/>\n\t<meta property=\"og:image:height\" content=\"667\" \/>\n\t<meta property=\"og:image:type\" content=\"image\/jpeg\" \/>\n<meta name=\"author\" content=\"Efa-Natur\" \/>\n<meta name=\"twitter:card\" content=\"summary_large_image\" \/>\n<meta name=\"twitter:label1\" content=\"\u00c9crit par\" \/>\n\t<meta name=\"twitter:data1\" content=\"Efa-Natur\" \/>\n\t<meta name=\"twitter:label2\" content=\"Dur\u00e9e de lecture estim\u00e9e\" \/>\n\t<meta name=\"twitter:data2\" content=\"7 minutes\" \/>\n<script type=\"application\/ld+json\" class=\"yoast-schema-graph\">{\"@context\":\"https:\/\/schema.org\",\"@graph\":[{\"@type\":\"Article\",\"@id\":\"https:\/\/naturclima-poctefa.eu\/fr\/pampelune-a-accueilli-le-seminaire-final-du-projet-naturclima\/#article\",\"isPartOf\":{\"@id\":\"https:\/\/naturclima-poctefa.eu\/fr\/pampelune-a-accueilli-le-seminaire-final-du-projet-naturclima\/\"},\"author\":{\"name\":\"Efa-Natur\",\"@id\":\"https:\/\/naturclima-poctefa.eu\/fr\/#\/schema\/person\/2b89a9bc38ae6374608034fe746652e8\"},\"headline\":\"Pampelune a accueilli le s\u00e9minaire final du projet NaturClima\",\"datePublished\":\"2022-05-25T14:00:50+00:00\",\"dateModified\":\"2022-05-26T10:10:20+00:00\",\"mainEntityOfPage\":{\"@id\":\"https:\/\/naturclima-poctefa.eu\/fr\/pampelune-a-accueilli-le-seminaire-final-du-projet-naturclima\/\"},\"wordCount\":1387,\"publisher\":{\"@id\":\"https:\/\/naturclima-poctefa.eu\/fr\/#organization\"},\"image\":{\"@id\":\"https:\/\/naturclima-poctefa.eu\/fr\/pampelune-a-accueilli-le-seminaire-final-du-projet-naturclima\/#primaryimage\"},\"thumbnailUrl\":\"https:\/\/naturclima-poctefa.eu\/wp-content\/uploads\/2022\/05\/evento-final-socios-NaturClima.jpg\",\"articleSection\":[\"nouvelles\"],\"inLanguage\":\"fr-FR\"},{\"@type\":\"WebPage\",\"@id\":\"https:\/\/naturclima-poctefa.eu\/fr\/pampelune-a-accueilli-le-seminaire-final-du-projet-naturclima\/\",\"url\":\"https:\/\/naturclima-poctefa.eu\/fr\/pampelune-a-accueilli-le-seminaire-final-du-projet-naturclima\/\",\"name\":\"Pampelune a accueilli le s\u00e9minaire final du projet NaturClima &#8226; NaturClima\",\"isPartOf\":{\"@id\":\"https:\/\/naturclima-poctefa.eu\/fr\/#website\"},\"primaryImageOfPage\":{\"@id\":\"https:\/\/naturclima-poctefa.eu\/fr\/pampelune-a-accueilli-le-seminaire-final-du-projet-naturclima\/#primaryimage\"},\"image\":{\"@id\":\"https:\/\/naturclima-poctefa.eu\/fr\/pampelune-a-accueilli-le-seminaire-final-du-projet-naturclima\/#primaryimage\"},\"thumbnailUrl\":\"https:\/\/naturclima-poctefa.eu\/wp-content\/uploads\/2022\/05\/evento-final-socios-NaturClima.jpg\",\"datePublished\":\"2022-05-25T14:00:50+00:00\",\"dateModified\":\"2022-05-26T10:10:20+00:00\",\"description\":\"Des organismes de part et d'autre des Pyr\u00e9n\u00e9es ont travaill\u00e9 en collaboration afin d'am\u00e9liorer l'adaptation des espaces naturels prot\u00e9g\u00e9s au changement climatique\",\"inLanguage\":\"fr-FR\",\"potentialAction\":[{\"@type\":\"ReadAction\",\"target\":[\"https:\/\/naturclima-poctefa.eu\/fr\/pampelune-a-accueilli-le-seminaire-final-du-projet-naturclima\/\"]}]},{\"@type\":\"ImageObject\",\"inLanguage\":\"fr-FR\",\"@id\":\"https:\/\/naturclima-poctefa.eu\/fr\/pampelune-a-accueilli-le-seminaire-final-du-projet-naturclima\/#primaryimage\",\"url\":\"https:\/\/naturclima-poctefa.eu\/wp-content\/uploads\/2022\/05\/evento-final-socios-NaturClima.jpg\",\"contentUrl\":\"https:\/\/naturclima-poctefa.eu\/wp-content\/uploads\/2022\/05\/evento-final-socios-NaturClima.jpg\",\"width\":1000,\"height\":667,\"caption\":\"Evento final socios NaturClima\"},{\"@type\":\"WebSite\",\"@id\":\"https:\/\/naturclima-poctefa.eu\/fr\/#website\",\"url\":\"https:\/\/naturclima-poctefa.eu\/fr\/\",\"name\":\"NaturClima\",\"description\":\"Cooperaci\u00f3n transfronteriza en la gesti\u00f3n y gobernanzaparticipativa de Espacios Naturales\",\"publisher\":{\"@id\":\"https:\/\/naturclima-poctefa.eu\/fr\/#organization\"},\"potentialAction\":[{\"@type\":\"SearchAction\",\"target\":{\"@type\":\"EntryPoint\",\"urlTemplate\":\"https:\/\/naturclima-poctefa.eu\/fr\/?s={search_term_string}\"},\"query-input\":{\"@type\":\"PropertyValueSpecification\",\"valueRequired\":true,\"valueName\":\"search_term_string\"}}],\"inLanguage\":\"fr-FR\"},{\"@type\":\"Organization\",\"@id\":\"https:\/\/naturclima-poctefa.eu\/fr\/#organization\",\"name\":\"NaturClima. Interreg-POCTEFA\",\"url\":\"https:\/\/naturclima-poctefa.eu\/fr\/\",\"logo\":{\"@type\":\"ImageObject\",\"inLanguage\":\"fr-FR\",\"@id\":\"https:\/\/naturclima-poctefa.eu\/fr\/#\/schema\/logo\/image\/\",\"url\":\"https:\/\/naturclima-poctefa.eu\/wp-content\/uploads\/2021\/03\/Interreg-POCTEFA-NaturClima-RGB.png\",\"contentUrl\":\"https:\/\/naturclima-poctefa.eu\/wp-content\/uploads\/2021\/03\/Interreg-POCTEFA-NaturClima-RGB.png\",\"width\":1843,\"height\":828,\"caption\":\"NaturClima. Interreg-POCTEFA\"},\"image\":{\"@id\":\"https:\/\/naturclima-poctefa.eu\/fr\/#\/schema\/logo\/image\/\"},\"sameAs\":[\"https:\/\/www.facebook.com\/naturclimapoctefa\",\"https:\/\/www.instagram.com\/naturclimapoctefa\/\"]},{\"@type\":\"Person\",\"@id\":\"https:\/\/naturclima-poctefa.eu\/fr\/#\/schema\/person\/2b89a9bc38ae6374608034fe746652e8\",\"name\":\"Efa-Natur\",\"image\":{\"@type\":\"ImageObject\",\"inLanguage\":\"fr-FR\",\"@id\":\"https:\/\/naturclima-poctefa.eu\/fr\/#\/schema\/person\/image\/\",\"url\":\"https:\/\/secure.gravatar.com\/avatar\/02f8d12a54755c7c9223aedbcc1e59ee57522c5ad4b4a1800509a15030032ae6?s=96&d=mm&r=g\",\"contentUrl\":\"https:\/\/secure.gravatar.com\/avatar\/02f8d12a54755c7c9223aedbcc1e59ee57522c5ad4b4a1800509a15030032ae6?s=96&d=mm&r=g\",\"caption\":\"Efa-Natur\"},\"sameAs\":[\"http:\/\/naturclima-poctefa.eu\"]}]}<\/script>\n<!-- \/ Yoast SEO plugin. -->","yoast_head_json":{"title":"Pampelune a accueilli le s\u00e9minaire final du projet NaturClima &#8226; NaturClima","description":"Des organismes de part et d'autre des Pyr\u00e9n\u00e9es ont travaill\u00e9 en collaboration afin d'am\u00e9liorer l'adaptation des espaces naturels prot\u00e9g\u00e9s au changement climatique","robots":{"index":"index","follow":"follow","max-snippet":"max-snippet:-1","max-image-preview":"max-image-preview:large","max-video-preview":"max-video-preview:-1"},"canonical":"https:\/\/naturclima-poctefa.eu\/fr\/pampelune-a-accueilli-le-seminaire-final-du-projet-naturclima\/","og_locale":"fr_FR","og_type":"article","og_title":"Pampelune a accueilli le s\u00e9minaire final du projet NaturClima &#8226; NaturClima","og_description":"Des organismes de part et d'autre des Pyr\u00e9n\u00e9es ont travaill\u00e9 en collaboration afin d'am\u00e9liorer l'adaptation des espaces naturels prot\u00e9g\u00e9s au changement climatique","og_url":"https:\/\/naturclima-poctefa.eu\/fr\/pampelune-a-accueilli-le-seminaire-final-du-projet-naturclima\/","og_site_name":"NaturClima","article_publisher":"https:\/\/www.facebook.com\/naturclimapoctefa","article_published_time":"2022-05-25T14:00:50+00:00","article_modified_time":"2022-05-26T10:10:20+00:00","og_image":[{"width":1000,"height":667,"url":"https:\/\/naturclima-poctefa.eu\/wp-content\/uploads\/2022\/05\/evento-final-socios-NaturClima.jpg","type":"image\/jpeg"}],"author":"Efa-Natur","twitter_card":"summary_large_image","twitter_misc":{"\u00c9crit par":"Efa-Natur","Dur\u00e9e de lecture estim\u00e9e":"7 minutes"},"schema":{"@context":"https:\/\/schema.org","@graph":[{"@type":"Article","@id":"https:\/\/naturclima-poctefa.eu\/fr\/pampelune-a-accueilli-le-seminaire-final-du-projet-naturclima\/#article","isPartOf":{"@id":"https:\/\/naturclima-poctefa.eu\/fr\/pampelune-a-accueilli-le-seminaire-final-du-projet-naturclima\/"},"author":{"name":"Efa-Natur","@id":"https:\/\/naturclima-poctefa.eu\/fr\/#\/schema\/person\/2b89a9bc38ae6374608034fe746652e8"},"headline":"Pampelune a accueilli le s\u00e9minaire final du projet NaturClima","datePublished":"2022-05-25T14:00:50+00:00","dateModified":"2022-05-26T10:10:20+00:00","mainEntityOfPage":{"@id":"https:\/\/naturclima-poctefa.eu\/fr\/pampelune-a-accueilli-le-seminaire-final-du-projet-naturclima\/"},"wordCount":1387,"publisher":{"@id":"https:\/\/naturclima-poctefa.eu\/fr\/#organization"},"image":{"@id":"https:\/\/naturclima-poctefa.eu\/fr\/pampelune-a-accueilli-le-seminaire-final-du-projet-naturclima\/#primaryimage"},"thumbnailUrl":"https:\/\/naturclima-poctefa.eu\/wp-content\/uploads\/2022\/05\/evento-final-socios-NaturClima.jpg","articleSection":["nouvelles"],"inLanguage":"fr-FR"},{"@type":"WebPage","@id":"https:\/\/naturclima-poctefa.eu\/fr\/pampelune-a-accueilli-le-seminaire-final-du-projet-naturclima\/","url":"https:\/\/naturclima-poctefa.eu\/fr\/pampelune-a-accueilli-le-seminaire-final-du-projet-naturclima\/","name":"Pampelune a accueilli le s\u00e9minaire final du projet NaturClima &#8226; NaturClima","isPartOf":{"@id":"https:\/\/naturclima-poctefa.eu\/fr\/#website"},"primaryImageOfPage":{"@id":"https:\/\/naturclima-poctefa.eu\/fr\/pampelune-a-accueilli-le-seminaire-final-du-projet-naturclima\/#primaryimage"},"image":{"@id":"https:\/\/naturclima-poctefa.eu\/fr\/pampelune-a-accueilli-le-seminaire-final-du-projet-naturclima\/#primaryimage"},"thumbnailUrl":"https:\/\/naturclima-poctefa.eu\/wp-content\/uploads\/2022\/05\/evento-final-socios-NaturClima.jpg","datePublished":"2022-05-25T14:00:50+00:00","dateModified":"2022-05-26T10:10:20+00:00","description":"Des organismes de part et d'autre des Pyr\u00e9n\u00e9es ont travaill\u00e9 en collaboration afin d'am\u00e9liorer l'adaptation des espaces naturels prot\u00e9g\u00e9s au changement climatique","inLanguage":"fr-FR","potentialAction":[{"@type":"ReadAction","target":["https:\/\/naturclima-poctefa.eu\/fr\/pampelune-a-accueilli-le-seminaire-final-du-projet-naturclima\/"]}]},{"@type":"ImageObject","inLanguage":"fr-FR","@id":"https:\/\/naturclima-poctefa.eu\/fr\/pampelune-a-accueilli-le-seminaire-final-du-projet-naturclima\/#primaryimage","url":"https:\/\/naturclima-poctefa.eu\/wp-content\/uploads\/2022\/05\/evento-final-socios-NaturClima.jpg","contentUrl":"https:\/\/naturclima-poctefa.eu\/wp-content\/uploads\/2022\/05\/evento-final-socios-NaturClima.jpg","width":1000,"height":667,"caption":"Evento final socios NaturClima"},{"@type":"WebSite","@id":"https:\/\/naturclima-poctefa.eu\/fr\/#website","url":"https:\/\/naturclima-poctefa.eu\/fr\/","name":"NaturClima","description":"Cooperaci\u00f3n transfronteriza en la gesti\u00f3n y gobernanzaparticipativa de Espacios Naturales","publisher":{"@id":"https:\/\/naturclima-poctefa.eu\/fr\/#organization"},"potentialAction":[{"@type":"SearchAction","target":{"@type":"EntryPoint","urlTemplate":"https:\/\/naturclima-poctefa.eu\/fr\/?s={search_term_string}"},"query-input":{"@type":"PropertyValueSpecification","valueRequired":true,"valueName":"search_term_string"}}],"inLanguage":"fr-FR"},{"@type":"Organization","@id":"https:\/\/naturclima-poctefa.eu\/fr\/#organization","name":"NaturClima. Interreg-POCTEFA","url":"https:\/\/naturclima-poctefa.eu\/fr\/","logo":{"@type":"ImageObject","inLanguage":"fr-FR","@id":"https:\/\/naturclima-poctefa.eu\/fr\/#\/schema\/logo\/image\/","url":"https:\/\/naturclima-poctefa.eu\/wp-content\/uploads\/2021\/03\/Interreg-POCTEFA-NaturClima-RGB.png","contentUrl":"https:\/\/naturclima-poctefa.eu\/wp-content\/uploads\/2021\/03\/Interreg-POCTEFA-NaturClima-RGB.png","width":1843,"height":828,"caption":"NaturClima. Interreg-POCTEFA"},"image":{"@id":"https:\/\/naturclima-poctefa.eu\/fr\/#\/schema\/logo\/image\/"},"sameAs":["https:\/\/www.facebook.com\/naturclimapoctefa","https:\/\/www.instagram.com\/naturclimapoctefa\/"]},{"@type":"Person","@id":"https:\/\/naturclima-poctefa.eu\/fr\/#\/schema\/person\/2b89a9bc38ae6374608034fe746652e8","name":"Efa-Natur","image":{"@type":"ImageObject","inLanguage":"fr-FR","@id":"https:\/\/naturclima-poctefa.eu\/fr\/#\/schema\/person\/image\/","url":"https:\/\/secure.gravatar.com\/avatar\/02f8d12a54755c7c9223aedbcc1e59ee57522c5ad4b4a1800509a15030032ae6?s=96&d=mm&r=g","contentUrl":"https:\/\/secure.gravatar.com\/avatar\/02f8d12a54755c7c9223aedbcc1e59ee57522c5ad4b4a1800509a15030032ae6?s=96&d=mm&r=g","caption":"Efa-Natur"},"sameAs":["http:\/\/naturclima-poctefa.eu"]}]}},"_links":{"self":[{"href":"https:\/\/naturclima-poctefa.eu\/fr\/wp-json\/wp\/v2\/posts\/5978","targetHints":{"allow":["GET"]}}],"collection":[{"href":"https:\/\/naturclima-poctefa.eu\/fr\/wp-json\/wp\/v2\/posts"}],"about":[{"href":"https:\/\/naturclima-poctefa.eu\/fr\/wp-json\/wp\/v2\/types\/post"}],"author":[{"embeddable":true,"href":"https:\/\/naturclima-poctefa.eu\/fr\/wp-json\/wp\/v2\/users\/1"}],"replies":[{"embeddable":true,"href":"https:\/\/naturclima-poctefa.eu\/fr\/wp-json\/wp\/v2\/comments?post=5978"}],"version-history":[{"count":12,"href":"https:\/\/naturclima-poctefa.eu\/fr\/wp-json\/wp\/v2\/posts\/5978\/revisions"}],"predecessor-version":[{"id":6016,"href":"https:\/\/naturclima-poctefa.eu\/fr\/wp-json\/wp\/v2\/posts\/5978\/revisions\/6016"}],"wp:featuredmedia":[{"embeddable":true,"href":"https:\/\/naturclima-poctefa.eu\/fr\/wp-json\/wp\/v2\/media\/5968"}],"wp:attachment":[{"href":"https:\/\/naturclima-poctefa.eu\/fr\/wp-json\/wp\/v2\/media?parent=5978"}],"wp:term":[{"taxonomy":"category","embeddable":true,"href":"https:\/\/naturclima-poctefa.eu\/fr\/wp-json\/wp\/v2\/categories?post=5978"},{"taxonomy":"post_tag","embeddable":true,"href":"https:\/\/naturclima-poctefa.eu\/fr\/wp-json\/wp\/v2\/tags?post=5978"}],"curies":[{"name":"wp","href":"https:\/\/api.w.org\/{rel}","templated":true}]}}