{"id":5767,"date":"2022-05-03T13:14:58","date_gmt":"2022-05-03T13:14:58","guid":{"rendered":"https:\/\/naturclima-poctefa.eu\/2022\/05\/03\/le-seminaire-final-naturclima-aura-lieu-le-17-mai\/"},"modified":"2022-05-11T11:21:08","modified_gmt":"2022-05-11T11:21:08","slug":"le-seminaire-final-naturclima-aura-lieu-le-17-mai","status":"publish","type":"post","link":"https:\/\/naturclima-poctefa.eu\/fr\/le-seminaire-final-naturclima-aura-lieu-le-17-mai\/","title":{"rendered":"Le s\u00e9minaire final NaturClima aura lieu le 17 mai"},"content":{"rendered":"<p>[et_pb_section fb_built=\u00a0\u00bb1&Prime; admin_label=\u00a0\u00bbsection\u00a0\u00bb _builder_version=\u00a0\u00bb4.16&Prime; custom_margin_tablet=\u00a0\u00bb-20px||||false|false\u00a0\u00bb custom_margin_phone=\u00a0\u00bb-20px||||false|false\u00a0\u00bb custom_margin_last_edited=\u00a0\u00bbon|phone\u00a0\u00bb custom_padding=\u00a0\u00bb0px||||false|false\u00a0\u00bb global_colors_info=\u00a0\u00bb{}\u00a0\u00bb][et_pb_row admin_label=\u00a0\u00bbrow\u00a0\u00bb _builder_version=\u00a0\u00bb4.16&Prime; background_size=\u00a0\u00bbinitial\u00a0\u00bb background_position=\u00a0\u00bbtop_left\u00a0\u00bb background_repeat=\u00a0\u00bbrepeat\u00a0\u00bb global_colors_info=\u00a0\u00bb{}\u00a0\u00bb][et_pb_column type=\u00a0\u00bb4_4&Prime; _builder_version=\u00a0\u00bb4.16&Prime; custom_padding=\u00a0\u00bb|||\u00a0\u00bb global_colors_info=\u00a0\u00bb{}\u00a0\u00bb custom_padding__hover=\u00a0\u00bb|||\u00a0\u00bb][et_pb_post_title author=\u00a0\u00bboff\u00a0\u00bb date_format=\u00a0\u00bbd\/m\/Y\u00a0\u00bb comments=\u00a0\u00bboff\u00a0\u00bb featured_image=\u00a0\u00bboff\u00a0\u00bb _builder_version=\u00a0\u00bb4.17.3&Prime; _module_preset=\u00a0\u00bbdefault\u00a0\u00bb global_colors_info=\u00a0\u00bb{}\u00a0\u00bb][\/et_pb_post_title][et_pb_text admin_label=\u00a0\u00bbText\u00a0\u00bb _builder_version=\u00a0\u00bb4.17.3&Prime; background_size=\u00a0\u00bbinitial\u00a0\u00bb background_position=\u00a0\u00bbtop_left\u00a0\u00bb background_repeat=\u00a0\u00bbrepeat\u00a0\u00bb hover_enabled=\u00a0\u00bb0&Prime; global_colors_info=\u00a0\u00bb{}\u00a0\u00bb sticky_enabled=\u00a0\u00bb0&Prime;]<strong>L&rsquo;\u00e9v\u00e9nement aura lieu \u00e0 Pampelune et pourra \u00e9galement \u00eatre suivi en ligne<\/strong><\/p>\n<p><a href=\"https:\/\/naturclima-poctefa.eu\/fr\/seminaire-final-interreg-poctefa-naturclima\/\">Le S\u00e9minaire Final du projet Interreg POCTEFA NaturClima<\/a> portera sur l&rsquo;adaptation au changement climatique des espaces naturels et se tiendra le 17 mai, en ligne et en pr\u00e9sentiel \u00e0 Pampelune.<\/p>\n<p>Le Directeur de l&rsquo;Environnement du Gouvernement de Navarre, Pablo Mu\u00f1oz, sera charg\u00e9 d&rsquo;ouvrir l&rsquo;\u00e9v\u00e9nement, auquel participera l&rsquo;expert du Conseil National de la Recherche espagnol (CSIC) Fernando Valladares.<\/p>\n<p>Tout au long de la matin\u00e9e, les partenaires du projet expliqueront les actions d\u00e9velopp\u00e9es dans le cadre de NaturClima et les exp\u00e9riences d&rsquo;adaptation au changement climatique des projets LIFE NDAPTA et LIFE NaturAdapt seront \u00e9galement pr\u00e9sent\u00e9es.<\/p>\n<p><strong>Le projet NaturClima<\/strong><\/p>\n<p>Le projet de coop\u00e9ration transfrontali\u00e8re NaturClima a \u00e9t\u00e9 lanc\u00e9 en 2019 dans le but de intensifier la coop\u00e9ration entre les organes charg\u00e9s de la gestion et la gouvernance des espaces naturels de part et d\u2019autre des Pyr\u00e9n\u00e9es afin de prot\u00e9ger, d\u00e9velopper et am\u00e9liorer l\u2019adaptation de ces m\u00eames espaces au Changement Climatique.\u00a0Les membres qui prennent part au projet sont : <u><a href=\"https:\/\/gan-nik.es\/\" target=\"_blank\" rel=\"noopener\">Gesti\u00f3n Ambiental de Navarra \u2013 Nafarroako Ingurumen Kudeaketa (GAN-NIK SA)<\/a><\/u>,\u00a0<u><a href=\"https:\/\/www.nasuvinsa.es\/\" target=\"_blank\" rel=\"noopener\">Navarra de Suelo y Vivienda, SA (NASUVINSA)<\/a><\/u>,\u00a0<u><a href=\"http:\/\/www.pyrenees-parcnational.fr\/\" target=\"_blank\" rel=\"noopener\">le Parc National des Pyr\u00e9n\u00e9es<\/a><\/u>,\u00a0<u><a href=\"https:\/\/www.cpie65.fr\/\" target=\"_blank\" rel=\"noopener\">l\u2019Association Bigourdane Environnement Naturelab\u00e9is\u00e9e CPIE Bigorre-Pyr\u00e9n\u00e9es<\/a><\/u>,\u00a0<u><a href=\"https:\/\/www.centredelamer.fr\/\" target=\"_blank\" rel=\"noopener\">le Centre de la Mer de Biarritz<\/a><\/u>\u00a0et\u00a0<u><a href=\"https:\/\/www.navarra.es\/es\/gobierno-de-navarra\/departamento-de-desarrollo-rural-y-medio-ambiente\" target=\"_blank\" rel=\"noopener\">le D\u00e9partement de D\u00e9veloppement Rural et de l\u2019Environnement du Gouvernement de Navarre<\/a><\/u>, qui m\u00e8ne l\u2019initiative. Le projet dispose d\u2019un budget de 2,1 millions d\u2019euros, dont 65% est cofinanc\u00e9 par le Fonds Europ\u00e9en du D\u00e9veloppement R\u00e9gional (FEDER) par le biais du\u00a0<u><a href=\"https:\/\/ec.europa.eu\/regional_policy\/es\/funding\/erdf\/\" target=\"_blank\" rel=\"noopener\">Programme Interreg V-A Espagne-France-Andorre (POCTEFA 2014-2020)<\/a><\/u>, qui durera 30 mois, jusqu\u2019au mois de juin 2022.<\/p>\n<p>Les parcs naturels de Navarre de\u00a0<u><a href=\"http:\/\/www.parquedebertiz.es\/informacion-es\/el-parque-natural.html\" target=\"_blank\" rel=\"noopener\">Bertiz<\/a><\/u>\u00a0et\u00a0<u><a href=\"http:\/\/www.parquedeurbasa.es\/informacion\/el-parque.html\" target=\"_blank\" rel=\"noopener\">Urbasa-Andia<\/a><\/u>,\u00a0<u><a href=\"https:\/\/www.centredelamer.fr\/\" target=\"_blank\" rel=\"noopener\">les espaces atlantiques et marins du littoral des Pyr\u00e9n\u00e9es-Atlantiques<\/a><\/u>\u00a0et\u00a0<u><a href=\"http:\/\/www.pyrenees-parcnational.fr\/fr\" target=\"_blank\" rel=\"noopener\">le Parc National des Pyr\u00e9n\u00e9es<\/a><\/u>\u00a0sont les lieux d\u2019action du projet dans les domaines de la ph\u00e9nologie et l\u2019\u00e9tude migratoire des oiseaux, la gestion et la gouvernance participative des espaces naturels et l\u2019\u00e9ducation et la formation environnementale, dans le but de transformer ces sites en des espaces naturels de r\u00e9f\u00e9rence du changement climatique.<\/p>\n<p>&nbsp;<\/p>\n<p><strong>PROGRAMME. En pr\u00e9sentiel et en ligne<\/strong><\/p>\n<p><strong>9:00 \u2013 9:10<\/strong>\u00a0Ouverture M. Pablo Mu\u00f1oz, Directeur G\u00e9n\u00e9ral de l\u2019Environnement du Gouvernement de Navarre<\/p>\n<p><strong>9:10 -9 :55<\/strong>\u00a0Conf\u00e9rence de Fernando Valladares, Chercheur au Conseil sup\u00e9rieur de la recherche scientifique (CSIC).<br \/>\n\u00ab\u00a0Le changement climatique et les espaces naturels : qui prot\u00e8ge qui ?\u00a0\u00bb<\/p>\n<p><strong>9:55 \u2013 10:00<\/strong>\u00a0Projection de la pr\u00e9sentation vid\u00e9o du projet NaturClima<\/p>\n<p><strong>10:00 \u2013 10:45<\/strong>\u00a0NaturClima : actions d\u2019adaptation au changement climatique dans les espaces naturels.<\/p>\n<ul>\n<li>Gouvernement de Navarre-Bertiz<\/li>\n<li>Gouvernement de Navarre-Urbasa<\/li>\n<li>Parc National des Pyr\u00e9nn\u00e9es<\/li>\n<\/ul>\n<p><strong>10:45 \u2013 11:15<\/strong>\u00a0Pause caf\u00e9<\/p>\n<p><strong>11:15 \u2013 12:15<\/strong>\u00a0NaturClima : actions d\u2019adaptation au changement climatique dans les espaces naturels.<\/p>\n<ul>\n<li>Centre de la Mer de Biarritz<\/li>\n<li>NASUVINSA<\/li>\n<li>CPIE Bigorre-Pyr\u00e9n\u00e9es<\/li>\n<li>GAN-NIK<\/li>\n<\/ul>\n<p><strong>12:15 \u2013 12:30<\/strong>\u00a0VIE NADAPTA. Adaptation des for\u00eats au changement climatique<\/p>\n<p><strong>12:30 \u2013 12:45<\/strong>\u00a0LIFE NaturAdapt. Strat\u00e9gie d\u2019adaptation dans les zones naturelles<br \/>\nMme Juliette Dane, ASTERS Conservatoire des espaces naturels de Haute-Savoie<\/p>\n<p><strong>12:45 \u2013 13:30<\/strong>\u00a0Questions et discussion sur l\u2019adaptation au changement climatique dans les espaces naturels.[\/et_pb_text][et_pb_button button_url=\u00a0\u00bb@ET-DC@eyJkeW5hbWljIjp0cnVlLCJjb250ZW50IjoicG9zdF9saW5rX3VybF9wYWdlIiwic2V0dGluZ3MiOnsicG9zdF9pZCI6IjU3MjgifX0=@\u00a0\u00bb button_text=\u00a0\u00bbINSCRIPTIONS ET ACC\u00c8S EN LIGNE\u00a0\u00bb _builder_version=\u00a0\u00bb4.17.3&Prime; _dynamic_attributes=\u00a0\u00bbbutton_url\u00a0\u00bb _module_preset=\u00a0\u00bbdefault\u00a0\u00bb global_colors_info=\u00a0\u00bb{}\u00a0\u00bb][\/et_pb_button][\/et_pb_column][\/et_pb_row][\/et_pb_section]<\/p>\n","protected":false},"excerpt":{"rendered":"<p>Le S\u00e9minaire Final du projet Interreg POCTEFA NaturClima portera sur l&rsquo;adaptation au changement climatique des espaces naturels et se tiendra le 17 mai, en ligne et en personne \u00e0 Pampelune.<\/p>\n","protected":false},"author":1,"featured_media":5763,"comment_status":"closed","ping_status":"closed","sticky":false,"template":"","format":"standard","meta":{"_et_pb_use_builder":"on","_et_pb_old_content":"","_et_gb_content_width":"","footnotes":""},"categories":[167],"tags":[],"class_list":["post-5767","post","type-post","status-publish","format-standard","has-post-thumbnail","hentry","category-nouvelles"],"yoast_head":"<!-- This site is optimized with the Yoast SEO plugin v26.9 - https:\/\/yoast.com\/product\/yoast-seo-wordpress\/ -->\n<title>Le s\u00e9minaire final NaturClima aura lieu le 17 mai &#8226; NaturClima<\/title>\n<meta name=\"description\" content=\"Le S\u00e9minaire Final du projet Interreg POCTEFA NaturClima portera sur l&#039;adaptation au changement climatique des espaces naturels et se tiendra le 17 mai, en ligne et en personne \u00e0 Pampelune.\" \/>\n<meta name=\"robots\" content=\"index, follow, max-snippet:-1, max-image-preview:large, max-video-preview:-1\" \/>\n<link rel=\"canonical\" href=\"https:\/\/naturclima-poctefa.eu\/fr\/le-seminaire-final-naturclima-aura-lieu-le-17-mai\/\" \/>\n<meta property=\"og:locale\" content=\"fr_FR\" \/>\n<meta property=\"og:type\" content=\"article\" \/>\n<meta property=\"og:title\" content=\"Le s\u00e9minaire final NaturClima aura lieu le 17 mai &#8226; NaturClima\" \/>\n<meta property=\"og:description\" content=\"Le S\u00e9minaire Final du projet Interreg POCTEFA NaturClima portera sur l&#039;adaptation au changement climatique des espaces naturels et se tiendra le 17 mai, en ligne et en personne \u00e0 Pampelune.\" \/>\n<meta property=\"og:url\" content=\"https:\/\/naturclima-poctefa.eu\/fr\/le-seminaire-final-naturclima-aura-lieu-le-17-mai\/\" \/>\n<meta property=\"og:site_name\" content=\"NaturClima\" \/>\n<meta property=\"article:publisher\" content=\"https:\/\/www.facebook.com\/naturclimapoctefa\" \/>\n<meta property=\"article:published_time\" content=\"2022-05-03T13:14:58+00:00\" \/>\n<meta property=\"article:modified_time\" content=\"2022-05-11T11:21:08+00:00\" \/>\n<meta property=\"og:image\" content=\"https:\/\/naturclima-poctefa.eu\/wp-content\/uploads\/2022\/05\/NaturClima-Seminario-Final-3.jpg\" \/>\n\t<meta property=\"og:image:width\" content=\"720\" \/>\n\t<meta property=\"og:image:height\" content=\"509\" \/>\n\t<meta property=\"og:image:type\" content=\"image\/jpeg\" \/>\n<meta name=\"author\" content=\"Efa-Natur\" \/>\n<meta name=\"twitter:card\" content=\"summary_large_image\" \/>\n<meta name=\"twitter:label1\" content=\"\u00c9crit par\" \/>\n\t<meta name=\"twitter:data1\" content=\"Efa-Natur\" \/>\n\t<meta name=\"twitter:label2\" content=\"Dur\u00e9e de lecture estim\u00e9e\" \/>\n\t<meta name=\"twitter:data2\" content=\"4 minutes\" \/>\n<script type=\"application\/ld+json\" class=\"yoast-schema-graph\">{\"@context\":\"https:\/\/schema.org\",\"@graph\":[{\"@type\":\"Article\",\"@id\":\"https:\/\/naturclima-poctefa.eu\/fr\/le-seminaire-final-naturclima-aura-lieu-le-17-mai\/#article\",\"isPartOf\":{\"@id\":\"https:\/\/naturclima-poctefa.eu\/fr\/le-seminaire-final-naturclima-aura-lieu-le-17-mai\/\"},\"author\":{\"name\":\"Efa-Natur\",\"@id\":\"https:\/\/naturclima-poctefa.eu\/fr\/#\/schema\/person\/2b89a9bc38ae6374608034fe746652e8\"},\"headline\":\"Le s\u00e9minaire final NaturClima aura lieu le 17 mai\",\"datePublished\":\"2022-05-03T13:14:58+00:00\",\"dateModified\":\"2022-05-11T11:21:08+00:00\",\"mainEntityOfPage\":{\"@id\":\"https:\/\/naturclima-poctefa.eu\/fr\/le-seminaire-final-naturclima-aura-lieu-le-17-mai\/\"},\"wordCount\":719,\"publisher\":{\"@id\":\"https:\/\/naturclima-poctefa.eu\/fr\/#organization\"},\"image\":{\"@id\":\"https:\/\/naturclima-poctefa.eu\/fr\/le-seminaire-final-naturclima-aura-lieu-le-17-mai\/#primaryimage\"},\"thumbnailUrl\":\"https:\/\/naturclima-poctefa.eu\/wp-content\/uploads\/2022\/05\/NaturClima-Seminario-Final-3.jpg\",\"articleSection\":[\"nouvelles\"],\"inLanguage\":\"fr-FR\"},{\"@type\":\"WebPage\",\"@id\":\"https:\/\/naturclima-poctefa.eu\/fr\/le-seminaire-final-naturclima-aura-lieu-le-17-mai\/\",\"url\":\"https:\/\/naturclima-poctefa.eu\/fr\/le-seminaire-final-naturclima-aura-lieu-le-17-mai\/\",\"name\":\"Le s\u00e9minaire final NaturClima aura lieu le 17 mai &#8226; NaturClima\",\"isPartOf\":{\"@id\":\"https:\/\/naturclima-poctefa.eu\/fr\/#website\"},\"primaryImageOfPage\":{\"@id\":\"https:\/\/naturclima-poctefa.eu\/fr\/le-seminaire-final-naturclima-aura-lieu-le-17-mai\/#primaryimage\"},\"image\":{\"@id\":\"https:\/\/naturclima-poctefa.eu\/fr\/le-seminaire-final-naturclima-aura-lieu-le-17-mai\/#primaryimage\"},\"thumbnailUrl\":\"https:\/\/naturclima-poctefa.eu\/wp-content\/uploads\/2022\/05\/NaturClima-Seminario-Final-3.jpg\",\"datePublished\":\"2022-05-03T13:14:58+00:00\",\"dateModified\":\"2022-05-11T11:21:08+00:00\",\"description\":\"Le S\u00e9minaire Final du projet Interreg POCTEFA NaturClima portera sur l'adaptation au changement climatique des espaces naturels et se tiendra le 17 mai, en ligne et en personne \u00e0 Pampelune.\",\"inLanguage\":\"fr-FR\",\"potentialAction\":[{\"@type\":\"ReadAction\",\"target\":[\"https:\/\/naturclima-poctefa.eu\/fr\/le-seminaire-final-naturclima-aura-lieu-le-17-mai\/\"]}]},{\"@type\":\"ImageObject\",\"inLanguage\":\"fr-FR\",\"@id\":\"https:\/\/naturclima-poctefa.eu\/fr\/le-seminaire-final-naturclima-aura-lieu-le-17-mai\/#primaryimage\",\"url\":\"https:\/\/naturclima-poctefa.eu\/wp-content\/uploads\/2022\/05\/NaturClima-Seminario-Final-3.jpg\",\"contentUrl\":\"https:\/\/naturclima-poctefa.eu\/wp-content\/uploads\/2022\/05\/NaturClima-Seminario-Final-3.jpg\",\"width\":720,\"height\":509,\"caption\":\"NaturClima s\u00e9minaire final\"},{\"@type\":\"WebSite\",\"@id\":\"https:\/\/naturclima-poctefa.eu\/fr\/#website\",\"url\":\"https:\/\/naturclima-poctefa.eu\/fr\/\",\"name\":\"NaturClima\",\"description\":\"Cooperaci\u00f3n transfronteriza en la gesti\u00f3n y gobernanzaparticipativa de Espacios Naturales\",\"publisher\":{\"@id\":\"https:\/\/naturclima-poctefa.eu\/fr\/#organization\"},\"potentialAction\":[{\"@type\":\"SearchAction\",\"target\":{\"@type\":\"EntryPoint\",\"urlTemplate\":\"https:\/\/naturclima-poctefa.eu\/fr\/?s={search_term_string}\"},\"query-input\":{\"@type\":\"PropertyValueSpecification\",\"valueRequired\":true,\"valueName\":\"search_term_string\"}}],\"inLanguage\":\"fr-FR\"},{\"@type\":\"Organization\",\"@id\":\"https:\/\/naturclima-poctefa.eu\/fr\/#organization\",\"name\":\"NaturClima. Interreg-POCTEFA\",\"url\":\"https:\/\/naturclima-poctefa.eu\/fr\/\",\"logo\":{\"@type\":\"ImageObject\",\"inLanguage\":\"fr-FR\",\"@id\":\"https:\/\/naturclima-poctefa.eu\/fr\/#\/schema\/logo\/image\/\",\"url\":\"https:\/\/naturclima-poctefa.eu\/wp-content\/uploads\/2021\/03\/Interreg-POCTEFA-NaturClima-RGB.png\",\"contentUrl\":\"https:\/\/naturclima-poctefa.eu\/wp-content\/uploads\/2021\/03\/Interreg-POCTEFA-NaturClima-RGB.png\",\"width\":1843,\"height\":828,\"caption\":\"NaturClima. Interreg-POCTEFA\"},\"image\":{\"@id\":\"https:\/\/naturclima-poctefa.eu\/fr\/#\/schema\/logo\/image\/\"},\"sameAs\":[\"https:\/\/www.facebook.com\/naturclimapoctefa\",\"https:\/\/www.instagram.com\/naturclimapoctefa\/\"]},{\"@type\":\"Person\",\"@id\":\"https:\/\/naturclima-poctefa.eu\/fr\/#\/schema\/person\/2b89a9bc38ae6374608034fe746652e8\",\"name\":\"Efa-Natur\",\"image\":{\"@type\":\"ImageObject\",\"inLanguage\":\"fr-FR\",\"@id\":\"https:\/\/naturclima-poctefa.eu\/fr\/#\/schema\/person\/image\/\",\"url\":\"https:\/\/secure.gravatar.com\/avatar\/02f8d12a54755c7c9223aedbcc1e59ee57522c5ad4b4a1800509a15030032ae6?s=96&d=mm&r=g\",\"contentUrl\":\"https:\/\/secure.gravatar.com\/avatar\/02f8d12a54755c7c9223aedbcc1e59ee57522c5ad4b4a1800509a15030032ae6?s=96&d=mm&r=g\",\"caption\":\"Efa-Natur\"},\"sameAs\":[\"http:\/\/naturclima-poctefa.eu\"]}]}<\/script>\n<!-- \/ Yoast SEO plugin. -->","yoast_head_json":{"title":"Le s\u00e9minaire final NaturClima aura lieu le 17 mai &#8226; NaturClima","description":"Le S\u00e9minaire Final du projet Interreg POCTEFA NaturClima portera sur l'adaptation au changement climatique des espaces naturels et se tiendra le 17 mai, en ligne et en personne \u00e0 Pampelune.","robots":{"index":"index","follow":"follow","max-snippet":"max-snippet:-1","max-image-preview":"max-image-preview:large","max-video-preview":"max-video-preview:-1"},"canonical":"https:\/\/naturclima-poctefa.eu\/fr\/le-seminaire-final-naturclima-aura-lieu-le-17-mai\/","og_locale":"fr_FR","og_type":"article","og_title":"Le s\u00e9minaire final NaturClima aura lieu le 17 mai &#8226; NaturClima","og_description":"Le S\u00e9minaire Final du projet Interreg POCTEFA NaturClima portera sur l'adaptation au changement climatique des espaces naturels et se tiendra le 17 mai, en ligne et en personne \u00e0 Pampelune.","og_url":"https:\/\/naturclima-poctefa.eu\/fr\/le-seminaire-final-naturclima-aura-lieu-le-17-mai\/","og_site_name":"NaturClima","article_publisher":"https:\/\/www.facebook.com\/naturclimapoctefa","article_published_time":"2022-05-03T13:14:58+00:00","article_modified_time":"2022-05-11T11:21:08+00:00","og_image":[{"width":720,"height":509,"url":"https:\/\/naturclima-poctefa.eu\/wp-content\/uploads\/2022\/05\/NaturClima-Seminario-Final-3.jpg","type":"image\/jpeg"}],"author":"Efa-Natur","twitter_card":"summary_large_image","twitter_misc":{"\u00c9crit par":"Efa-Natur","Dur\u00e9e de lecture estim\u00e9e":"4 minutes"},"schema":{"@context":"https:\/\/schema.org","@graph":[{"@type":"Article","@id":"https:\/\/naturclima-poctefa.eu\/fr\/le-seminaire-final-naturclima-aura-lieu-le-17-mai\/#article","isPartOf":{"@id":"https:\/\/naturclima-poctefa.eu\/fr\/le-seminaire-final-naturclima-aura-lieu-le-17-mai\/"},"author":{"name":"Efa-Natur","@id":"https:\/\/naturclima-poctefa.eu\/fr\/#\/schema\/person\/2b89a9bc38ae6374608034fe746652e8"},"headline":"Le s\u00e9minaire final NaturClima aura lieu le 17 mai","datePublished":"2022-05-03T13:14:58+00:00","dateModified":"2022-05-11T11:21:08+00:00","mainEntityOfPage":{"@id":"https:\/\/naturclima-poctefa.eu\/fr\/le-seminaire-final-naturclima-aura-lieu-le-17-mai\/"},"wordCount":719,"publisher":{"@id":"https:\/\/naturclima-poctefa.eu\/fr\/#organization"},"image":{"@id":"https:\/\/naturclima-poctefa.eu\/fr\/le-seminaire-final-naturclima-aura-lieu-le-17-mai\/#primaryimage"},"thumbnailUrl":"https:\/\/naturclima-poctefa.eu\/wp-content\/uploads\/2022\/05\/NaturClima-Seminario-Final-3.jpg","articleSection":["nouvelles"],"inLanguage":"fr-FR"},{"@type":"WebPage","@id":"https:\/\/naturclima-poctefa.eu\/fr\/le-seminaire-final-naturclima-aura-lieu-le-17-mai\/","url":"https:\/\/naturclima-poctefa.eu\/fr\/le-seminaire-final-naturclima-aura-lieu-le-17-mai\/","name":"Le s\u00e9minaire final NaturClima aura lieu le 17 mai &#8226; NaturClima","isPartOf":{"@id":"https:\/\/naturclima-poctefa.eu\/fr\/#website"},"primaryImageOfPage":{"@id":"https:\/\/naturclima-poctefa.eu\/fr\/le-seminaire-final-naturclima-aura-lieu-le-17-mai\/#primaryimage"},"image":{"@id":"https:\/\/naturclima-poctefa.eu\/fr\/le-seminaire-final-naturclima-aura-lieu-le-17-mai\/#primaryimage"},"thumbnailUrl":"https:\/\/naturclima-poctefa.eu\/wp-content\/uploads\/2022\/05\/NaturClima-Seminario-Final-3.jpg","datePublished":"2022-05-03T13:14:58+00:00","dateModified":"2022-05-11T11:21:08+00:00","description":"Le S\u00e9minaire Final du projet Interreg POCTEFA NaturClima portera sur l'adaptation au changement climatique des espaces naturels et se tiendra le 17 mai, en ligne et en personne \u00e0 Pampelune.","inLanguage":"fr-FR","potentialAction":[{"@type":"ReadAction","target":["https:\/\/naturclima-poctefa.eu\/fr\/le-seminaire-final-naturclima-aura-lieu-le-17-mai\/"]}]},{"@type":"ImageObject","inLanguage":"fr-FR","@id":"https:\/\/naturclima-poctefa.eu\/fr\/le-seminaire-final-naturclima-aura-lieu-le-17-mai\/#primaryimage","url":"https:\/\/naturclima-poctefa.eu\/wp-content\/uploads\/2022\/05\/NaturClima-Seminario-Final-3.jpg","contentUrl":"https:\/\/naturclima-poctefa.eu\/wp-content\/uploads\/2022\/05\/NaturClima-Seminario-Final-3.jpg","width":720,"height":509,"caption":"NaturClima s\u00e9minaire final"},{"@type":"WebSite","@id":"https:\/\/naturclima-poctefa.eu\/fr\/#website","url":"https:\/\/naturclima-poctefa.eu\/fr\/","name":"NaturClima","description":"Cooperaci\u00f3n transfronteriza en la gesti\u00f3n y gobernanzaparticipativa de Espacios Naturales","publisher":{"@id":"https:\/\/naturclima-poctefa.eu\/fr\/#organization"},"potentialAction":[{"@type":"SearchAction","target":{"@type":"EntryPoint","urlTemplate":"https:\/\/naturclima-poctefa.eu\/fr\/?s={search_term_string}"},"query-input":{"@type":"PropertyValueSpecification","valueRequired":true,"valueName":"search_term_string"}}],"inLanguage":"fr-FR"},{"@type":"Organization","@id":"https:\/\/naturclima-poctefa.eu\/fr\/#organization","name":"NaturClima. Interreg-POCTEFA","url":"https:\/\/naturclima-poctefa.eu\/fr\/","logo":{"@type":"ImageObject","inLanguage":"fr-FR","@id":"https:\/\/naturclima-poctefa.eu\/fr\/#\/schema\/logo\/image\/","url":"https:\/\/naturclima-poctefa.eu\/wp-content\/uploads\/2021\/03\/Interreg-POCTEFA-NaturClima-RGB.png","contentUrl":"https:\/\/naturclima-poctefa.eu\/wp-content\/uploads\/2021\/03\/Interreg-POCTEFA-NaturClima-RGB.png","width":1843,"height":828,"caption":"NaturClima. Interreg-POCTEFA"},"image":{"@id":"https:\/\/naturclima-poctefa.eu\/fr\/#\/schema\/logo\/image\/"},"sameAs":["https:\/\/www.facebook.com\/naturclimapoctefa","https:\/\/www.instagram.com\/naturclimapoctefa\/"]},{"@type":"Person","@id":"https:\/\/naturclima-poctefa.eu\/fr\/#\/schema\/person\/2b89a9bc38ae6374608034fe746652e8","name":"Efa-Natur","image":{"@type":"ImageObject","inLanguage":"fr-FR","@id":"https:\/\/naturclima-poctefa.eu\/fr\/#\/schema\/person\/image\/","url":"https:\/\/secure.gravatar.com\/avatar\/02f8d12a54755c7c9223aedbcc1e59ee57522c5ad4b4a1800509a15030032ae6?s=96&d=mm&r=g","contentUrl":"https:\/\/secure.gravatar.com\/avatar\/02f8d12a54755c7c9223aedbcc1e59ee57522c5ad4b4a1800509a15030032ae6?s=96&d=mm&r=g","caption":"Efa-Natur"},"sameAs":["http:\/\/naturclima-poctefa.eu"]}]}},"_links":{"self":[{"href":"https:\/\/naturclima-poctefa.eu\/fr\/wp-json\/wp\/v2\/posts\/5767","targetHints":{"allow":["GET"]}}],"collection":[{"href":"https:\/\/naturclima-poctefa.eu\/fr\/wp-json\/wp\/v2\/posts"}],"about":[{"href":"https:\/\/naturclima-poctefa.eu\/fr\/wp-json\/wp\/v2\/types\/post"}],"author":[{"embeddable":true,"href":"https:\/\/naturclima-poctefa.eu\/fr\/wp-json\/wp\/v2\/users\/1"}],"replies":[{"embeddable":true,"href":"https:\/\/naturclima-poctefa.eu\/fr\/wp-json\/wp\/v2\/comments?post=5767"}],"version-history":[{"count":14,"href":"https:\/\/naturclima-poctefa.eu\/fr\/wp-json\/wp\/v2\/posts\/5767\/revisions"}],"predecessor-version":[{"id":5950,"href":"https:\/\/naturclima-poctefa.eu\/fr\/wp-json\/wp\/v2\/posts\/5767\/revisions\/5950"}],"wp:featuredmedia":[{"embeddable":true,"href":"https:\/\/naturclima-poctefa.eu\/fr\/wp-json\/wp\/v2\/media\/5763"}],"wp:attachment":[{"href":"https:\/\/naturclima-poctefa.eu\/fr\/wp-json\/wp\/v2\/media?parent=5767"}],"wp:term":[{"taxonomy":"category","embeddable":true,"href":"https:\/\/naturclima-poctefa.eu\/fr\/wp-json\/wp\/v2\/categories?post=5767"},{"taxonomy":"post_tag","embeddable":true,"href":"https:\/\/naturclima-poctefa.eu\/fr\/wp-json\/wp\/v2\/tags?post=5767"}],"curies":[{"name":"wp","href":"https:\/\/api.w.org\/{rel}","templated":true}]}}