{"id":5649,"date":"2022-04-28T09:16:12","date_gmt":"2022-04-28T09:16:12","guid":{"rendered":"https:\/\/naturclima-poctefa.eu\/2022\/04\/30\/naturclima-a-participe-a-la-conference-du-wwf-sur-lelevage-extensif\/"},"modified":"2022-04-30T09:16:33","modified_gmt":"2022-04-30T09:16:33","slug":"naturclima-a-participe-a-la-conference-du-wwf-sur-lelevage-extensif","status":"publish","type":"post","link":"https:\/\/naturclima-poctefa.eu\/fr\/naturclima-a-participe-a-la-conference-du-wwf-sur-lelevage-extensif\/","title":{"rendered":"NaturClima a particip\u00e9 \u00e0 la conf\u00e9rence du WWF sur l&rsquo;\u00e9levage extensif"},"content":{"rendered":"<p>[et_pb_section fb_built=\u00a0\u00bb1&Prime; admin_label=\u00a0\u00bbsection\u00a0\u00bb _builder_version=\u00a0\u00bb4.16&Prime; custom_margin_tablet=\u00a0\u00bb-20px||||false|false\u00a0\u00bb custom_margin_phone=\u00a0\u00bb-20px||||false|false\u00a0\u00bb custom_margin_last_edited=\u00a0\u00bbon|phone\u00a0\u00bb custom_padding=\u00a0\u00bb0px||||false|false\u00a0\u00bb global_colors_info=\u00a0\u00bb{}\u00a0\u00bb][et_pb_row admin_label=\u00a0\u00bbrow\u00a0\u00bb _builder_version=\u00a0\u00bb4.16&Prime; background_size=\u00a0\u00bbinitial\u00a0\u00bb background_position=\u00a0\u00bbtop_left\u00a0\u00bb background_repeat=\u00a0\u00bbrepeat\u00a0\u00bb global_colors_info=\u00a0\u00bb{}\u00a0\u00bb][et_pb_column type=\u00a0\u00bb4_4&Prime; _builder_version=\u00a0\u00bb4.16&Prime; custom_padding=\u00a0\u00bb|||\u00a0\u00bb global_colors_info=\u00a0\u00bb{}\u00a0\u00bb custom_padding__hover=\u00a0\u00bb|||\u00a0\u00bb][et_pb_post_title author=\u00a0\u00bboff\u00a0\u00bb date_format=\u00a0\u00bbd\/m\/Y\u00a0\u00bb comments=\u00a0\u00bboff\u00a0\u00bb _builder_version=\u00a0\u00bb4.16&Prime; _module_preset=\u00a0\u00bbdefault\u00a0\u00bb global_colors_info=\u00a0\u00bb{}\u00a0\u00bb][\/et_pb_post_title][et_pb_text admin_label=\u00a0\u00bbText\u00a0\u00bb _builder_version=\u00a0\u00bb4.17.3&Prime; background_size=\u00a0\u00bbinitial\u00a0\u00bb background_position=\u00a0\u00bbtop_left\u00a0\u00bb background_repeat=\u00a0\u00bbrepeat\u00a0\u00bb hover_enabled=\u00a0\u00bb0&Prime; global_colors_info=\u00a0\u00bb{}\u00a0\u00bb sticky_enabled=\u00a0\u00bb0&Prime;]Le 26 avril, s&rsquo;est tenue la derni\u00e8re des conf\u00e9rences en ligne \u00ab L&rsquo;\u00e9levage extensif est important \u00bb, organis\u00e9e par le WWF. Apr\u00e8s avoir abord\u00e9 les aspects \u00e9conomiques et sociaux de ce mod\u00e8le de production dans les journ\u00e9es pr\u00e9c\u00e9dentes, ce troisi\u00e8me s\u00e9minaire a \u00e9t\u00e9 consacr\u00e9 aux aspects environnementaux.<\/p>\n<p>La journ\u00e9e a commenc\u00e9 par des pr\u00e9sentations sur certains des impacts environnementaux associ\u00e9s aux mod\u00e8les intensifs de production de viande et de produits laitiers, puis s&rsquo;est concentr\u00e9e sur une partie des multiples avantages environnementaux de l&rsquo;\u00e9levage extensif.<\/p>\n<p>Le s\u00e9minaire a rassembl\u00e9 environ 90 participants, dont des personnes issues du monde acad\u00e9mique ; \u00e9leveurs ; des professionnels de la m\u00e9decine v\u00e9t\u00e9rinaire, de l&rsquo;agronomie et de la biologie ; personnel de l&rsquo;administration (tant du gouvernement central que des communaut\u00e9s autonomes) et, enfin, des professionnels du secteur des ONG.<\/p>\n<p>Au cours de la journ\u00e9e, Inma Lozano, du groupe d&rsquo;\u00e9levage industriel STOP, a \u00e9voqu\u00e9 la vie pr\u00e8s d&rsquo;une de ces fermes ; Isabel Fern\u00e1ndez (Ecologists in Action) a fait une pr\u00e9sentation sur l&rsquo;alimentation animale et la d\u00e9forestation ; et Javier Guzm\u00e1n (Food Justice), a abord\u00e9 la relation entre l&rsquo;agriculture industrielle et le changement climatique, en se concentrant sur l&rsquo;industrie porcine en Catalogne.<\/p>\n<p><strong>L&rsquo;\u00e9levage extensif : un outil de lutte contre le changement climatique<\/strong><br \/>\nLe coordinateur de l&rsquo;espace Agrodiversit\u00e9 de la Soci\u00e9t\u00e9 Publique de Gestion Environnementale de Navarre GAN-NIK, Carlos Astr\u00e1in, a fait un expos\u00e9 sur \u00ab\u00a0L&rsquo;\u00e9levage extensif (SHVN) : un outil de lutte contre le changement climatique\u00a0\u00bb et a pr\u00e9sent\u00e9 l&rsquo;\u00e9tude qui a \u00e9t\u00e9 r\u00e9alis\u00e9e \u00e0 cet \u00e9gard dans le cadre de NaturClima POCTEFA.<\/p>\n<p>Dans sa pr\u00e9sentation, il a \u00e9voqu\u00e9 les multiples avantages des syst\u00e8mes \u00e0 haute valeur naturelle (SHVN) tels que les \u2018dehesas\u2019 (p\u00e2turages), l&rsquo;\u00e9levage extensif en montagne, les cultures arables et ligneuses pluviales extensives et les paysages en mosa\u00efque. Ces types de gestion de l&rsquo;agriculture et de l&rsquo;\u00e9levage permettent de pr\u00e9server la biodiversit\u00e9 et les paysages, de produire des aliments de qualit\u00e9, de prot\u00e9ger l&rsquo;eau et le sol, de pr\u00e9venir les incendies, de maintenir la population, de pr\u00e9server le patrimoine culturel et de contribuer \u00e0 l&rsquo;adaptation au changement climatique et \u00e0 son att\u00e9nuation.<\/p>\n<p>Comme Astr\u00e1in l&rsquo;a not\u00e9, il existe actuellement une nette tendance \u00e0 la perte de carbone dans les sols des terres arables, principalement caus\u00e9e par la s\u00e9paration entre l&rsquo;agriculture et l&rsquo;\u00e9levage. Pour inverser cette situation, il est n\u00e9cessaire de revenir \u00e0 l&rsquo;\u00e9levage extensif comme outil de gestion li\u00e9 \u00e0 l&rsquo;agriculture et pour cela il est urgent que la PAC soutienne les syst\u00e8mes agricoles qui favorisent l&rsquo;adaptation au changement climatique et son att\u00e9nuation (SHVN &#8211; \u00e9levage extensif) . Pour conclure, l&rsquo;expert a soulign\u00e9 la n\u00e9cessit\u00e9 de continuer \u00e0 progresser dans la connaissance des m\u00e9canismes qui d\u00e9terminent la fixation du carbone dans les terres agricoles, comme cela a \u00e9t\u00e9 fait \u00e0 travers le projet NaturClima.[\/et_pb_text][\/et_pb_column][\/et_pb_row][\/et_pb_section]<\/p>\n","protected":false},"excerpt":{"rendered":"<p>La Soci\u00e9t\u00e9 Publique de Gestion de l&rsquo;Environnement de Navarre GAN-NIK a fait un expos\u00e9 sur \u00ab\u00a0L&rsquo;\u00e9levage extensif (SHVN) : un outil de lutte contre le changement climatique\u00a0\u00bb <\/p>\n","protected":false},"author":1,"featured_media":5642,"comment_status":"closed","ping_status":"closed","sticky":false,"template":"","format":"standard","meta":{"_et_pb_use_builder":"on","_et_pb_old_content":"","_et_gb_content_width":"","footnotes":""},"categories":[167],"tags":[],"class_list":["post-5649","post","type-post","status-publish","format-standard","has-post-thumbnail","hentry","category-nouvelles"],"yoast_head":"<!-- This site is optimized with the Yoast SEO plugin v26.9 - https:\/\/yoast.com\/product\/yoast-seo-wordpress\/ -->\n<title>NaturClima a particip\u00e9 \u00e0 la conf\u00e9rence du WWF sur l&#039;\u00e9levage extensif &#8226; NaturClima<\/title>\n<meta name=\"description\" content=\"La Soci\u00e9t\u00e9 Publique de Gestion de l&#039;Environnement de Navarre GAN-NIK a fait un expos\u00e9 sur &quot;L&#039;\u00e9levage extensif (SHVN) : un outil de lutte contre le changement climatique&quot;\" \/>\n<meta name=\"robots\" content=\"index, follow, max-snippet:-1, max-image-preview:large, max-video-preview:-1\" \/>\n<link rel=\"canonical\" href=\"https:\/\/naturclima-poctefa.eu\/fr\/naturclima-a-participe-a-la-conference-du-wwf-sur-lelevage-extensif\/\" \/>\n<meta property=\"og:locale\" content=\"fr_FR\" \/>\n<meta property=\"og:type\" content=\"article\" \/>\n<meta property=\"og:title\" content=\"NaturClima a particip\u00e9 \u00e0 la conf\u00e9rence du WWF sur l&#039;\u00e9levage extensif &#8226; NaturClima\" \/>\n<meta property=\"og:description\" content=\"La Soci\u00e9t\u00e9 Publique de Gestion de l&#039;Environnement de Navarre GAN-NIK a fait un expos\u00e9 sur &quot;L&#039;\u00e9levage extensif (SHVN) : un outil de lutte contre le changement climatique&quot;\" \/>\n<meta property=\"og:url\" content=\"https:\/\/naturclima-poctefa.eu\/fr\/naturclima-a-participe-a-la-conference-du-wwf-sur-lelevage-extensif\/\" \/>\n<meta property=\"og:site_name\" content=\"NaturClima\" \/>\n<meta property=\"article:publisher\" content=\"https:\/\/www.facebook.com\/naturclimapoctefa\" \/>\n<meta property=\"article:published_time\" content=\"2022-04-28T09:16:12+00:00\" \/>\n<meta property=\"article:modified_time\" content=\"2022-04-30T09:16:33+00:00\" \/>\n<meta property=\"og:image\" content=\"https:\/\/naturclima-poctefa.eu\/wp-content\/uploads\/2022\/04\/seminario-WWF.jpg\" \/>\n\t<meta property=\"og:image:width\" content=\"1000\" \/>\n\t<meta property=\"og:image:height\" content=\"667\" \/>\n\t<meta property=\"og:image:type\" content=\"image\/jpeg\" \/>\n<meta name=\"author\" content=\"Efa-Natur\" \/>\n<meta name=\"twitter:card\" content=\"summary_large_image\" \/>\n<meta name=\"twitter:label1\" content=\"\u00c9crit par\" \/>\n\t<meta name=\"twitter:data1\" content=\"Efa-Natur\" \/>\n\t<meta name=\"twitter:label2\" content=\"Dur\u00e9e de lecture estim\u00e9e\" \/>\n\t<meta name=\"twitter:data2\" content=\"3 minutes\" \/>\n<script type=\"application\/ld+json\" class=\"yoast-schema-graph\">{\"@context\":\"https:\/\/schema.org\",\"@graph\":[{\"@type\":\"Article\",\"@id\":\"https:\/\/naturclima-poctefa.eu\/fr\/naturclima-a-participe-a-la-conference-du-wwf-sur-lelevage-extensif\/#article\",\"isPartOf\":{\"@id\":\"https:\/\/naturclima-poctefa.eu\/fr\/naturclima-a-participe-a-la-conference-du-wwf-sur-lelevage-extensif\/\"},\"author\":{\"name\":\"Efa-Natur\",\"@id\":\"https:\/\/naturclima-poctefa.eu\/fr\/#\/schema\/person\/2b89a9bc38ae6374608034fe746652e8\"},\"headline\":\"NaturClima a particip\u00e9 \u00e0 la conf\u00e9rence du WWF sur l&rsquo;\u00e9levage extensif\",\"datePublished\":\"2022-04-28T09:16:12+00:00\",\"dateModified\":\"2022-04-30T09:16:33+00:00\",\"mainEntityOfPage\":{\"@id\":\"https:\/\/naturclima-poctefa.eu\/fr\/naturclima-a-participe-a-la-conference-du-wwf-sur-lelevage-extensif\/\"},\"wordCount\":646,\"publisher\":{\"@id\":\"https:\/\/naturclima-poctefa.eu\/fr\/#organization\"},\"image\":{\"@id\":\"https:\/\/naturclima-poctefa.eu\/fr\/naturclima-a-participe-a-la-conference-du-wwf-sur-lelevage-extensif\/#primaryimage\"},\"thumbnailUrl\":\"https:\/\/naturclima-poctefa.eu\/wp-content\/uploads\/2022\/04\/seminario-WWF.jpg\",\"articleSection\":[\"nouvelles\"],\"inLanguage\":\"fr-FR\"},{\"@type\":\"WebPage\",\"@id\":\"https:\/\/naturclima-poctefa.eu\/fr\/naturclima-a-participe-a-la-conference-du-wwf-sur-lelevage-extensif\/\",\"url\":\"https:\/\/naturclima-poctefa.eu\/fr\/naturclima-a-participe-a-la-conference-du-wwf-sur-lelevage-extensif\/\",\"name\":\"NaturClima a particip\u00e9 \u00e0 la conf\u00e9rence du WWF sur l'\u00e9levage extensif &#8226; NaturClima\",\"isPartOf\":{\"@id\":\"https:\/\/naturclima-poctefa.eu\/fr\/#website\"},\"primaryImageOfPage\":{\"@id\":\"https:\/\/naturclima-poctefa.eu\/fr\/naturclima-a-participe-a-la-conference-du-wwf-sur-lelevage-extensif\/#primaryimage\"},\"image\":{\"@id\":\"https:\/\/naturclima-poctefa.eu\/fr\/naturclima-a-participe-a-la-conference-du-wwf-sur-lelevage-extensif\/#primaryimage\"},\"thumbnailUrl\":\"https:\/\/naturclima-poctefa.eu\/wp-content\/uploads\/2022\/04\/seminario-WWF.jpg\",\"datePublished\":\"2022-04-28T09:16:12+00:00\",\"dateModified\":\"2022-04-30T09:16:33+00:00\",\"description\":\"La Soci\u00e9t\u00e9 Publique de Gestion de l'Environnement de Navarre GAN-NIK a fait un expos\u00e9 sur \\\"L'\u00e9levage extensif (SHVN) : un outil de lutte contre le changement climatique\\\"\",\"inLanguage\":\"fr-FR\",\"potentialAction\":[{\"@type\":\"ReadAction\",\"target\":[\"https:\/\/naturclima-poctefa.eu\/fr\/naturclima-a-participe-a-la-conference-du-wwf-sur-lelevage-extensif\/\"]}]},{\"@type\":\"ImageObject\",\"inLanguage\":\"fr-FR\",\"@id\":\"https:\/\/naturclima-poctefa.eu\/fr\/naturclima-a-participe-a-la-conference-du-wwf-sur-lelevage-extensif\/#primaryimage\",\"url\":\"https:\/\/naturclima-poctefa.eu\/wp-content\/uploads\/2022\/04\/seminario-WWF.jpg\",\"contentUrl\":\"https:\/\/naturclima-poctefa.eu\/wp-content\/uploads\/2022\/04\/seminario-WWF.jpg\",\"width\":1000,\"height\":667,\"caption\":\"conf\u00e9rence du WWF\"},{\"@type\":\"WebSite\",\"@id\":\"https:\/\/naturclima-poctefa.eu\/fr\/#website\",\"url\":\"https:\/\/naturclima-poctefa.eu\/fr\/\",\"name\":\"NaturClima\",\"description\":\"Cooperaci\u00f3n transfronteriza en la gesti\u00f3n y gobernanzaparticipativa de Espacios Naturales\",\"publisher\":{\"@id\":\"https:\/\/naturclima-poctefa.eu\/fr\/#organization\"},\"potentialAction\":[{\"@type\":\"SearchAction\",\"target\":{\"@type\":\"EntryPoint\",\"urlTemplate\":\"https:\/\/naturclima-poctefa.eu\/fr\/?s={search_term_string}\"},\"query-input\":{\"@type\":\"PropertyValueSpecification\",\"valueRequired\":true,\"valueName\":\"search_term_string\"}}],\"inLanguage\":\"fr-FR\"},{\"@type\":\"Organization\",\"@id\":\"https:\/\/naturclima-poctefa.eu\/fr\/#organization\",\"name\":\"NaturClima. Interreg-POCTEFA\",\"url\":\"https:\/\/naturclima-poctefa.eu\/fr\/\",\"logo\":{\"@type\":\"ImageObject\",\"inLanguage\":\"fr-FR\",\"@id\":\"https:\/\/naturclima-poctefa.eu\/fr\/#\/schema\/logo\/image\/\",\"url\":\"https:\/\/naturclima-poctefa.eu\/wp-content\/uploads\/2021\/03\/Interreg-POCTEFA-NaturClima-RGB.png\",\"contentUrl\":\"https:\/\/naturclima-poctefa.eu\/wp-content\/uploads\/2021\/03\/Interreg-POCTEFA-NaturClima-RGB.png\",\"width\":1843,\"height\":828,\"caption\":\"NaturClima. Interreg-POCTEFA\"},\"image\":{\"@id\":\"https:\/\/naturclima-poctefa.eu\/fr\/#\/schema\/logo\/image\/\"},\"sameAs\":[\"https:\/\/www.facebook.com\/naturclimapoctefa\",\"https:\/\/www.instagram.com\/naturclimapoctefa\/\"]},{\"@type\":\"Person\",\"@id\":\"https:\/\/naturclima-poctefa.eu\/fr\/#\/schema\/person\/2b89a9bc38ae6374608034fe746652e8\",\"name\":\"Efa-Natur\",\"image\":{\"@type\":\"ImageObject\",\"inLanguage\":\"fr-FR\",\"@id\":\"https:\/\/naturclima-poctefa.eu\/fr\/#\/schema\/person\/image\/\",\"url\":\"https:\/\/secure.gravatar.com\/avatar\/02f8d12a54755c7c9223aedbcc1e59ee57522c5ad4b4a1800509a15030032ae6?s=96&d=mm&r=g\",\"contentUrl\":\"https:\/\/secure.gravatar.com\/avatar\/02f8d12a54755c7c9223aedbcc1e59ee57522c5ad4b4a1800509a15030032ae6?s=96&d=mm&r=g\",\"caption\":\"Efa-Natur\"},\"sameAs\":[\"http:\/\/naturclima-poctefa.eu\"]}]}<\/script>\n<!-- \/ Yoast SEO plugin. -->","yoast_head_json":{"title":"NaturClima a particip\u00e9 \u00e0 la conf\u00e9rence du WWF sur l'\u00e9levage extensif &#8226; NaturClima","description":"La Soci\u00e9t\u00e9 Publique de Gestion de l'Environnement de Navarre GAN-NIK a fait un expos\u00e9 sur \"L'\u00e9levage extensif (SHVN) : un outil de lutte contre le changement climatique\"","robots":{"index":"index","follow":"follow","max-snippet":"max-snippet:-1","max-image-preview":"max-image-preview:large","max-video-preview":"max-video-preview:-1"},"canonical":"https:\/\/naturclima-poctefa.eu\/fr\/naturclima-a-participe-a-la-conference-du-wwf-sur-lelevage-extensif\/","og_locale":"fr_FR","og_type":"article","og_title":"NaturClima a particip\u00e9 \u00e0 la conf\u00e9rence du WWF sur l'\u00e9levage extensif &#8226; NaturClima","og_description":"La Soci\u00e9t\u00e9 Publique de Gestion de l'Environnement de Navarre GAN-NIK a fait un expos\u00e9 sur \"L'\u00e9levage extensif (SHVN) : un outil de lutte contre le changement climatique\"","og_url":"https:\/\/naturclima-poctefa.eu\/fr\/naturclima-a-participe-a-la-conference-du-wwf-sur-lelevage-extensif\/","og_site_name":"NaturClima","article_publisher":"https:\/\/www.facebook.com\/naturclimapoctefa","article_published_time":"2022-04-28T09:16:12+00:00","article_modified_time":"2022-04-30T09:16:33+00:00","og_image":[{"width":1000,"height":667,"url":"https:\/\/naturclima-poctefa.eu\/wp-content\/uploads\/2022\/04\/seminario-WWF.jpg","type":"image\/jpeg"}],"author":"Efa-Natur","twitter_card":"summary_large_image","twitter_misc":{"\u00c9crit par":"Efa-Natur","Dur\u00e9e de lecture estim\u00e9e":"3 minutes"},"schema":{"@context":"https:\/\/schema.org","@graph":[{"@type":"Article","@id":"https:\/\/naturclima-poctefa.eu\/fr\/naturclima-a-participe-a-la-conference-du-wwf-sur-lelevage-extensif\/#article","isPartOf":{"@id":"https:\/\/naturclima-poctefa.eu\/fr\/naturclima-a-participe-a-la-conference-du-wwf-sur-lelevage-extensif\/"},"author":{"name":"Efa-Natur","@id":"https:\/\/naturclima-poctefa.eu\/fr\/#\/schema\/person\/2b89a9bc38ae6374608034fe746652e8"},"headline":"NaturClima a particip\u00e9 \u00e0 la conf\u00e9rence du WWF sur l&rsquo;\u00e9levage extensif","datePublished":"2022-04-28T09:16:12+00:00","dateModified":"2022-04-30T09:16:33+00:00","mainEntityOfPage":{"@id":"https:\/\/naturclima-poctefa.eu\/fr\/naturclima-a-participe-a-la-conference-du-wwf-sur-lelevage-extensif\/"},"wordCount":646,"publisher":{"@id":"https:\/\/naturclima-poctefa.eu\/fr\/#organization"},"image":{"@id":"https:\/\/naturclima-poctefa.eu\/fr\/naturclima-a-participe-a-la-conference-du-wwf-sur-lelevage-extensif\/#primaryimage"},"thumbnailUrl":"https:\/\/naturclima-poctefa.eu\/wp-content\/uploads\/2022\/04\/seminario-WWF.jpg","articleSection":["nouvelles"],"inLanguage":"fr-FR"},{"@type":"WebPage","@id":"https:\/\/naturclima-poctefa.eu\/fr\/naturclima-a-participe-a-la-conference-du-wwf-sur-lelevage-extensif\/","url":"https:\/\/naturclima-poctefa.eu\/fr\/naturclima-a-participe-a-la-conference-du-wwf-sur-lelevage-extensif\/","name":"NaturClima a particip\u00e9 \u00e0 la conf\u00e9rence du WWF sur l'\u00e9levage extensif &#8226; NaturClima","isPartOf":{"@id":"https:\/\/naturclima-poctefa.eu\/fr\/#website"},"primaryImageOfPage":{"@id":"https:\/\/naturclima-poctefa.eu\/fr\/naturclima-a-participe-a-la-conference-du-wwf-sur-lelevage-extensif\/#primaryimage"},"image":{"@id":"https:\/\/naturclima-poctefa.eu\/fr\/naturclima-a-participe-a-la-conference-du-wwf-sur-lelevage-extensif\/#primaryimage"},"thumbnailUrl":"https:\/\/naturclima-poctefa.eu\/wp-content\/uploads\/2022\/04\/seminario-WWF.jpg","datePublished":"2022-04-28T09:16:12+00:00","dateModified":"2022-04-30T09:16:33+00:00","description":"La Soci\u00e9t\u00e9 Publique de Gestion de l'Environnement de Navarre GAN-NIK a fait un expos\u00e9 sur \"L'\u00e9levage extensif (SHVN) : un outil de lutte contre le changement climatique\"","inLanguage":"fr-FR","potentialAction":[{"@type":"ReadAction","target":["https:\/\/naturclima-poctefa.eu\/fr\/naturclima-a-participe-a-la-conference-du-wwf-sur-lelevage-extensif\/"]}]},{"@type":"ImageObject","inLanguage":"fr-FR","@id":"https:\/\/naturclima-poctefa.eu\/fr\/naturclima-a-participe-a-la-conference-du-wwf-sur-lelevage-extensif\/#primaryimage","url":"https:\/\/naturclima-poctefa.eu\/wp-content\/uploads\/2022\/04\/seminario-WWF.jpg","contentUrl":"https:\/\/naturclima-poctefa.eu\/wp-content\/uploads\/2022\/04\/seminario-WWF.jpg","width":1000,"height":667,"caption":"conf\u00e9rence du WWF"},{"@type":"WebSite","@id":"https:\/\/naturclima-poctefa.eu\/fr\/#website","url":"https:\/\/naturclima-poctefa.eu\/fr\/","name":"NaturClima","description":"Cooperaci\u00f3n transfronteriza en la gesti\u00f3n y gobernanzaparticipativa de Espacios Naturales","publisher":{"@id":"https:\/\/naturclima-poctefa.eu\/fr\/#organization"},"potentialAction":[{"@type":"SearchAction","target":{"@type":"EntryPoint","urlTemplate":"https:\/\/naturclima-poctefa.eu\/fr\/?s={search_term_string}"},"query-input":{"@type":"PropertyValueSpecification","valueRequired":true,"valueName":"search_term_string"}}],"inLanguage":"fr-FR"},{"@type":"Organization","@id":"https:\/\/naturclima-poctefa.eu\/fr\/#organization","name":"NaturClima. Interreg-POCTEFA","url":"https:\/\/naturclima-poctefa.eu\/fr\/","logo":{"@type":"ImageObject","inLanguage":"fr-FR","@id":"https:\/\/naturclima-poctefa.eu\/fr\/#\/schema\/logo\/image\/","url":"https:\/\/naturclima-poctefa.eu\/wp-content\/uploads\/2021\/03\/Interreg-POCTEFA-NaturClima-RGB.png","contentUrl":"https:\/\/naturclima-poctefa.eu\/wp-content\/uploads\/2021\/03\/Interreg-POCTEFA-NaturClima-RGB.png","width":1843,"height":828,"caption":"NaturClima. Interreg-POCTEFA"},"image":{"@id":"https:\/\/naturclima-poctefa.eu\/fr\/#\/schema\/logo\/image\/"},"sameAs":["https:\/\/www.facebook.com\/naturclimapoctefa","https:\/\/www.instagram.com\/naturclimapoctefa\/"]},{"@type":"Person","@id":"https:\/\/naturclima-poctefa.eu\/fr\/#\/schema\/person\/2b89a9bc38ae6374608034fe746652e8","name":"Efa-Natur","image":{"@type":"ImageObject","inLanguage":"fr-FR","@id":"https:\/\/naturclima-poctefa.eu\/fr\/#\/schema\/person\/image\/","url":"https:\/\/secure.gravatar.com\/avatar\/02f8d12a54755c7c9223aedbcc1e59ee57522c5ad4b4a1800509a15030032ae6?s=96&d=mm&r=g","contentUrl":"https:\/\/secure.gravatar.com\/avatar\/02f8d12a54755c7c9223aedbcc1e59ee57522c5ad4b4a1800509a15030032ae6?s=96&d=mm&r=g","caption":"Efa-Natur"},"sameAs":["http:\/\/naturclima-poctefa.eu"]}]}},"_links":{"self":[{"href":"https:\/\/naturclima-poctefa.eu\/fr\/wp-json\/wp\/v2\/posts\/5649","targetHints":{"allow":["GET"]}}],"collection":[{"href":"https:\/\/naturclima-poctefa.eu\/fr\/wp-json\/wp\/v2\/posts"}],"about":[{"href":"https:\/\/naturclima-poctefa.eu\/fr\/wp-json\/wp\/v2\/types\/post"}],"author":[{"embeddable":true,"href":"https:\/\/naturclima-poctefa.eu\/fr\/wp-json\/wp\/v2\/users\/1"}],"replies":[{"embeddable":true,"href":"https:\/\/naturclima-poctefa.eu\/fr\/wp-json\/wp\/v2\/comments?post=5649"}],"version-history":[{"count":2,"href":"https:\/\/naturclima-poctefa.eu\/fr\/wp-json\/wp\/v2\/posts\/5649\/revisions"}],"predecessor-version":[{"id":5651,"href":"https:\/\/naturclima-poctefa.eu\/fr\/wp-json\/wp\/v2\/posts\/5649\/revisions\/5651"}],"wp:featuredmedia":[{"embeddable":true,"href":"https:\/\/naturclima-poctefa.eu\/fr\/wp-json\/wp\/v2\/media\/5642"}],"wp:attachment":[{"href":"https:\/\/naturclima-poctefa.eu\/fr\/wp-json\/wp\/v2\/media?parent=5649"}],"wp:term":[{"taxonomy":"category","embeddable":true,"href":"https:\/\/naturclima-poctefa.eu\/fr\/wp-json\/wp\/v2\/categories?post=5649"},{"taxonomy":"post_tag","embeddable":true,"href":"https:\/\/naturclima-poctefa.eu\/fr\/wp-json\/wp\/v2\/tags?post=5649"}],"curies":[{"name":"wp","href":"https:\/\/api.w.org\/{rel}","templated":true}]}}