{"id":5598,"date":"2022-05-02T06:00:25","date_gmt":"2022-05-02T06:00:25","guid":{"rendered":"https:\/\/naturclima-poctefa.eu\/2022\/04\/30\/du-programme-de-sensibilisation-durbasa-andia-a-la-formation-en-durabilite-dans-le-nord-ouest-de-la-navarre\/"},"modified":"2022-05-02T06:17:18","modified_gmt":"2022-05-02T06:17:18","slug":"du-programme-de-sensibilisation-durbasa-andia-a-la-formation-en-durabilite-dans-le-nord-ouest-de-la-navarre","status":"publish","type":"post","link":"https:\/\/naturclima-poctefa.eu\/fr\/du-programme-de-sensibilisation-durbasa-andia-a-la-formation-en-durabilite-dans-le-nord-ouest-de-la-navarre\/","title":{"rendered":"Du programme de sensibilisation d&rsquo;Urbasa-Andia \u00e0 la formation en durabilit\u00e9 dans le nord-ouest de la Navarre"},"content":{"rendered":"<p>[et_pb_section fb_built=\u00a0\u00bb1&Prime; admin_label=\u00a0\u00bbsection\u00a0\u00bb _builder_version=\u00a0\u00bb4.16&Prime; custom_margin_tablet=\u00a0\u00bb-20px||||false|false\u00a0\u00bb custom_margin_phone=\u00a0\u00bb-20px||||false|false\u00a0\u00bb custom_margin_last_edited=\u00a0\u00bbon|phone\u00a0\u00bb custom_padding=\u00a0\u00bb0px||||false|false\u00a0\u00bb global_colors_info=\u00a0\u00bb{}\u00a0\u00bb][et_pb_row admin_label=\u00a0\u00bbrow\u00a0\u00bb _builder_version=\u00a0\u00bb4.16&Prime; background_size=\u00a0\u00bbinitial\u00a0\u00bb background_position=\u00a0\u00bbtop_left\u00a0\u00bb background_repeat=\u00a0\u00bbrepeat\u00a0\u00bb global_colors_info=\u00a0\u00bb{}\u00a0\u00bb][et_pb_column type=\u00a0\u00bb4_4&Prime; _builder_version=\u00a0\u00bb4.16&Prime; custom_padding=\u00a0\u00bb|||\u00a0\u00bb global_colors_info=\u00a0\u00bb{}\u00a0\u00bb custom_padding__hover=\u00a0\u00bb|||\u00a0\u00bb][et_pb_post_title author=\u00a0\u00bboff\u00a0\u00bb date_format=\u00a0\u00bbd\/m\/Y\u00a0\u00bb comments=\u00a0\u00bboff\u00a0\u00bb _builder_version=\u00a0\u00bb4.16&Prime; _module_preset=\u00a0\u00bbdefault\u00a0\u00bb global_colors_info=\u00a0\u00bb{}\u00a0\u00bb][\/et_pb_post_title][et_pb_text admin_label=\u00a0\u00bbText\u00a0\u00bb _builder_version=\u00a0\u00bb4.17.3&Prime; background_size=\u00a0\u00bbinitial\u00a0\u00bb background_position=\u00a0\u00bbtop_left\u00a0\u00bb background_repeat=\u00a0\u00bbrepeat\u00a0\u00bb hover_enabled=\u00a0\u00bb0&Prime; global_colors_info=\u00a0\u00bb{}\u00a0\u00bb sticky_enabled=\u00a0\u00bb0&Prime;]Un des objectifs de NaturClima est la capitalisation d&rsquo;exp\u00e9riences positives et le d\u00e9veloppement de nouveaux programmes de sensibilisation, en faisant du changement climatique et de son adaptation un objet d&rsquo;\u00e9ducation et de formation.<\/p>\n<p>L&rsquo;ann\u00e9e derni\u00e8re, un large programme de sensibilisation au sein du Parc Naturel Urbasa-Andia avait \u00e9t\u00e9 organis\u00e9 et men\u00e9 \u00e0 bien et, dans la m\u00eame veine, la formation pour les techniciens et techniciennes en durabilit\u00e9 qui avait \u00e9t\u00e9 dispens\u00e9e l&rsquo;ann\u00e9e derni\u00e8re par le R\u00e9seau Explora Navarra a \u00e9t\u00e9 adapt\u00e9e au cours de ce printemps. NaturClima instaure le cadre dans lequel donner une suite \u00e0 cette formation et ainsi continuer \u00e0 former des personnes qui s&rsquo;int\u00e9ressent aux divers domaines de la durabilit\u00e9 territoriale et am\u00e9liorer, de m\u00eame, leurs connaissances en mati\u00e8re de changement climatique.<\/p>\n<p>En mettant l&rsquo;accent sur l&rsquo;aire de l&rsquo;influence des espaces-pilotes du projet, les \u00e9l\u00e8ves de la formation apprennent en suivant une m\u00e9thodologie pratique et dynamique qui les d\u00e9fie \u00e0 travailler sur des probl\u00e9matiques r\u00e9elles et, dans le cas pr\u00e9cis, sur les espaces concrets suivants : Sakana-Aralar-Plazaola et Leurtza-Bidasoa. La formation se d\u00e9roule principalement dans le Centre Int\u00e9gr\u00e9 Agroforestier de Pampelune et sur le terrain dans les espaces mentionn\u00e9s.<\/p>\n<p><strong>Les 12 \u00e9l\u00e8ves ont d\u00e9j\u00e0 commenc\u00e9<\/strong><\/p>\n<p>Le cours, dispens\u00e9 par le Fondation Emplea, durera un mois et demi. La formation a d\u00e9but\u00e9 le mercredi 20 avril avec une premi\u00e8re s\u00e9ance au sein du si\u00e8ge de Nasuvinsa, entit\u00e9 partenaire du projet et organisatrice de cette formation. Le groupe d&rsquo;\u00e9l\u00e8ve a \u00e9t\u00e9 constitu\u00e9 de mani\u00e8re h\u00e9t\u00e9rog\u00e8ne, avec des hommes et des femmes d&rsquo;\u00e2ges diff\u00e9rents, qui ont suivi des formations et exp\u00e9riences tr\u00e8s diverses, partant du domaine social \u00e0 l&rsquo;\u00e9ducatif, en passant par l&rsquo;environnemental et jusqu&rsquo;au domaine forestier et l&rsquo;artisanat. Il s&rsquo;agit, en grande majorit\u00e9, de personnes originaires des espaces o\u00f9 la formation sera dispens\u00e9e.<\/p>\n<p><strong>Deuxi\u00e8me jour, premiers d\u00e9fis&#8230;<\/strong><\/p>\n<p>La premi\u00e8re rencontre a permis aux \u00e9l\u00e8ves de raconter leurs exp\u00e9riences en travaillant dans l&rsquo;environnement naturel et ils se sont engag\u00e9s avec enthousiasme \u00e0 partager leurs connaissances et \u00e0 travailler main dans la main dans ce projet qui s&rsquo;offre \u00e0 eux. Lors de la deuxi\u00e8me s\u00e9ance, les d\u00e9fis concrets se sont mat\u00e9rialis\u00e9s.<\/p>\n<p>Parmi eux, deux principales dynamiques de l&rsquo;apr\u00e8s-midi. Un projet d&rsquo;ing\u00e9nierie dans lequel, form\u00e9s en groupe, ils ont du constituer un plan d&rsquo;action, une infrastructure et une exposition pour \u00ab\u00a0vendre\u00a0\u00bb leur r\u00e9sultat en quelques secondes (technique de l&rsquo;Elevator Pitch). La deuxi\u00e8me dynamique s&rsquo;est port\u00e9e sur le bon usage des espaces naturels, la connaissances des visiteurs afin de leur offrir le meilleur service, afin que leur visite soit une opportunit\u00e9 et non un probl\u00e8me. Pour ce faire, ils ont imagin\u00e9 des enqu\u00eates et sont all\u00e9s les proposer dans la rue.<\/p>\n<p><strong>La semaine prochaine, sur le terrain pour conna\u00eetre leurs interlocuteurs<\/strong><\/p>\n<p>Sur le terrain, les participants de la formation devront entrer en contact avec plusieurs entit\u00e9s et personnes qui leur pr\u00e9senteront le contexte de chaque espace. Les \u00e9l\u00e8ves devront imaginer les meilleures propositions afin de collaborer \u00e0 l&rsquo;am\u00e9lioration de la gestion, la programmation et la dynamisation de ces espaces.<\/p>\n<p><strong>Autres formations compl\u00e9mentaires<\/strong><\/p>\n<p>Tout au long du mois de mai, deux autres s\u00e9ances compl\u00e9mentaires sont pr\u00e9vues afin d&rsquo;am\u00e9liorer le service clients dans les espaces naturels : une sur les aptitudes en communication et une autre sur la r\u00e9solution des conflits. L&rsquo;ann\u00e9e derni\u00e8re, ces s\u00e9ances ont \u00e9t\u00e9 tr\u00e8s fructueuses, ce qui justifie leur r\u00e9p\u00e9tition.[\/et_pb_text][\/et_pb_column][\/et_pb_row][\/et_pb_section]<\/p>\n","protected":false},"excerpt":{"rendered":"<p>Le projet NaturClima poursuit son d\u00e9veloppement de la sensibilisation sur les espaces naturels et la formation sur la gestion durable<\/p>\n","protected":false},"author":1,"featured_media":5595,"comment_status":"closed","ping_status":"closed","sticky":false,"template":"","format":"standard","meta":{"_et_pb_use_builder":"on","_et_pb_old_content":"","_et_gb_content_width":"","footnotes":""},"categories":[167],"tags":[],"class_list":["post-5598","post","type-post","status-publish","format-standard","has-post-thumbnail","hentry","category-nouvelles"],"yoast_head":"<!-- This site is optimized with the Yoast SEO plugin v26.9 - https:\/\/yoast.com\/product\/yoast-seo-wordpress\/ -->\n<title>Du programme de sensibilisation d&#039;Urbasa-Andia \u00e0 la formation en durabilit\u00e9 dans le nord-ouest de la Navarre &#8226; NaturClima<\/title>\n<meta name=\"description\" content=\"Le projet NaturClima poursuit son d\u00e9veloppement de la sensibilisation sur les espaces naturels et la formation sur la gestion durable\" \/>\n<meta name=\"robots\" content=\"index, follow, max-snippet:-1, max-image-preview:large, max-video-preview:-1\" \/>\n<link rel=\"canonical\" href=\"https:\/\/naturclima-poctefa.eu\/fr\/du-programme-de-sensibilisation-durbasa-andia-a-la-formation-en-durabilite-dans-le-nord-ouest-de-la-navarre\/\" \/>\n<meta property=\"og:locale\" content=\"fr_FR\" \/>\n<meta property=\"og:type\" content=\"article\" \/>\n<meta property=\"og:title\" content=\"Du programme de sensibilisation d&#039;Urbasa-Andia \u00e0 la formation en durabilit\u00e9 dans le nord-ouest de la Navarre &#8226; NaturClima\" \/>\n<meta property=\"og:description\" content=\"Le projet NaturClima poursuit son d\u00e9veloppement de la sensibilisation sur les espaces naturels et la formation sur la gestion durable\" \/>\n<meta property=\"og:url\" content=\"https:\/\/naturclima-poctefa.eu\/fr\/du-programme-de-sensibilisation-durbasa-andia-a-la-formation-en-durabilite-dans-le-nord-ouest-de-la-navarre\/\" \/>\n<meta property=\"og:site_name\" content=\"NaturClima\" \/>\n<meta property=\"article:publisher\" content=\"https:\/\/www.facebook.com\/naturclimapoctefa\" \/>\n<meta property=\"article:published_time\" content=\"2022-05-02T06:00:25+00:00\" \/>\n<meta property=\"article:modified_time\" content=\"2022-05-02T06:17:18+00:00\" \/>\n<meta property=\"og:image\" content=\"https:\/\/naturclima-poctefa.eu\/wp-content\/uploads\/2022\/04\/formacion-para-la-gestion-sostenible.jpg\" \/>\n\t<meta property=\"og:image:width\" content=\"1000\" \/>\n\t<meta property=\"og:image:height\" content=\"750\" \/>\n\t<meta property=\"og:image:type\" content=\"image\/jpeg\" \/>\n<meta name=\"author\" content=\"Efa-Natur\" \/>\n<meta name=\"twitter:card\" content=\"summary_large_image\" \/>\n<meta name=\"twitter:label1\" content=\"\u00c9crit par\" \/>\n\t<meta name=\"twitter:data1\" content=\"Efa-Natur\" \/>\n\t<meta name=\"twitter:label2\" content=\"Dur\u00e9e de lecture estim\u00e9e\" \/>\n\t<meta name=\"twitter:data2\" content=\"4 minutes\" \/>\n<script type=\"application\/ld+json\" class=\"yoast-schema-graph\">{\"@context\":\"https:\/\/schema.org\",\"@graph\":[{\"@type\":\"Article\",\"@id\":\"https:\/\/naturclima-poctefa.eu\/fr\/du-programme-de-sensibilisation-durbasa-andia-a-la-formation-en-durabilite-dans-le-nord-ouest-de-la-navarre\/#article\",\"isPartOf\":{\"@id\":\"https:\/\/naturclima-poctefa.eu\/fr\/du-programme-de-sensibilisation-durbasa-andia-a-la-formation-en-durabilite-dans-le-nord-ouest-de-la-navarre\/\"},\"author\":{\"name\":\"Efa-Natur\",\"@id\":\"https:\/\/naturclima-poctefa.eu\/fr\/#\/schema\/person\/2b89a9bc38ae6374608034fe746652e8\"},\"headline\":\"Du programme de sensibilisation d&rsquo;Urbasa-Andia \u00e0 la formation en durabilit\u00e9 dans le nord-ouest de la Navarre\",\"datePublished\":\"2022-05-02T06:00:25+00:00\",\"dateModified\":\"2022-05-02T06:17:18+00:00\",\"mainEntityOfPage\":{\"@id\":\"https:\/\/naturclima-poctefa.eu\/fr\/du-programme-de-sensibilisation-durbasa-andia-a-la-formation-en-durabilite-dans-le-nord-ouest-de-la-navarre\/\"},\"wordCount\":765,\"publisher\":{\"@id\":\"https:\/\/naturclima-poctefa.eu\/fr\/#organization\"},\"image\":{\"@id\":\"https:\/\/naturclima-poctefa.eu\/fr\/du-programme-de-sensibilisation-durbasa-andia-a-la-formation-en-durabilite-dans-le-nord-ouest-de-la-navarre\/#primaryimage\"},\"thumbnailUrl\":\"https:\/\/naturclima-poctefa.eu\/wp-content\/uploads\/2022\/04\/formacion-para-la-gestion-sostenible.jpg\",\"articleSection\":[\"nouvelles\"],\"inLanguage\":\"fr-FR\"},{\"@type\":\"WebPage\",\"@id\":\"https:\/\/naturclima-poctefa.eu\/fr\/du-programme-de-sensibilisation-durbasa-andia-a-la-formation-en-durabilite-dans-le-nord-ouest-de-la-navarre\/\",\"url\":\"https:\/\/naturclima-poctefa.eu\/fr\/du-programme-de-sensibilisation-durbasa-andia-a-la-formation-en-durabilite-dans-le-nord-ouest-de-la-navarre\/\",\"name\":\"Du programme de sensibilisation d'Urbasa-Andia \u00e0 la formation en durabilit\u00e9 dans le nord-ouest de la Navarre &#8226; NaturClima\",\"isPartOf\":{\"@id\":\"https:\/\/naturclima-poctefa.eu\/fr\/#website\"},\"primaryImageOfPage\":{\"@id\":\"https:\/\/naturclima-poctefa.eu\/fr\/du-programme-de-sensibilisation-durbasa-andia-a-la-formation-en-durabilite-dans-le-nord-ouest-de-la-navarre\/#primaryimage\"},\"image\":{\"@id\":\"https:\/\/naturclima-poctefa.eu\/fr\/du-programme-de-sensibilisation-durbasa-andia-a-la-formation-en-durabilite-dans-le-nord-ouest-de-la-navarre\/#primaryimage\"},\"thumbnailUrl\":\"https:\/\/naturclima-poctefa.eu\/wp-content\/uploads\/2022\/04\/formacion-para-la-gestion-sostenible.jpg\",\"datePublished\":\"2022-05-02T06:00:25+00:00\",\"dateModified\":\"2022-05-02T06:17:18+00:00\",\"description\":\"Le projet NaturClima poursuit son d\u00e9veloppement de la sensibilisation sur les espaces naturels et la formation sur la gestion durable\",\"inLanguage\":\"fr-FR\",\"potentialAction\":[{\"@type\":\"ReadAction\",\"target\":[\"https:\/\/naturclima-poctefa.eu\/fr\/du-programme-de-sensibilisation-durbasa-andia-a-la-formation-en-durabilite-dans-le-nord-ouest-de-la-navarre\/\"]}]},{\"@type\":\"ImageObject\",\"inLanguage\":\"fr-FR\",\"@id\":\"https:\/\/naturclima-poctefa.eu\/fr\/du-programme-de-sensibilisation-durbasa-andia-a-la-formation-en-durabilite-dans-le-nord-ouest-de-la-navarre\/#primaryimage\",\"url\":\"https:\/\/naturclima-poctefa.eu\/wp-content\/uploads\/2022\/04\/formacion-para-la-gestion-sostenible.jpg\",\"contentUrl\":\"https:\/\/naturclima-poctefa.eu\/wp-content\/uploads\/2022\/04\/formacion-para-la-gestion-sostenible.jpg\",\"width\":1000,\"height\":750,\"caption\":\"formation en durabilit\u00e9\"},{\"@type\":\"WebSite\",\"@id\":\"https:\/\/naturclima-poctefa.eu\/fr\/#website\",\"url\":\"https:\/\/naturclima-poctefa.eu\/fr\/\",\"name\":\"NaturClima\",\"description\":\"Cooperaci\u00f3n transfronteriza en la gesti\u00f3n y gobernanzaparticipativa de Espacios Naturales\",\"publisher\":{\"@id\":\"https:\/\/naturclima-poctefa.eu\/fr\/#organization\"},\"potentialAction\":[{\"@type\":\"SearchAction\",\"target\":{\"@type\":\"EntryPoint\",\"urlTemplate\":\"https:\/\/naturclima-poctefa.eu\/fr\/?s={search_term_string}\"},\"query-input\":{\"@type\":\"PropertyValueSpecification\",\"valueRequired\":true,\"valueName\":\"search_term_string\"}}],\"inLanguage\":\"fr-FR\"},{\"@type\":\"Organization\",\"@id\":\"https:\/\/naturclima-poctefa.eu\/fr\/#organization\",\"name\":\"NaturClima. Interreg-POCTEFA\",\"url\":\"https:\/\/naturclima-poctefa.eu\/fr\/\",\"logo\":{\"@type\":\"ImageObject\",\"inLanguage\":\"fr-FR\",\"@id\":\"https:\/\/naturclima-poctefa.eu\/fr\/#\/schema\/logo\/image\/\",\"url\":\"https:\/\/naturclima-poctefa.eu\/wp-content\/uploads\/2021\/03\/Interreg-POCTEFA-NaturClima-RGB.png\",\"contentUrl\":\"https:\/\/naturclima-poctefa.eu\/wp-content\/uploads\/2021\/03\/Interreg-POCTEFA-NaturClima-RGB.png\",\"width\":1843,\"height\":828,\"caption\":\"NaturClima. Interreg-POCTEFA\"},\"image\":{\"@id\":\"https:\/\/naturclima-poctefa.eu\/fr\/#\/schema\/logo\/image\/\"},\"sameAs\":[\"https:\/\/www.facebook.com\/naturclimapoctefa\",\"https:\/\/www.instagram.com\/naturclimapoctefa\/\"]},{\"@type\":\"Person\",\"@id\":\"https:\/\/naturclima-poctefa.eu\/fr\/#\/schema\/person\/2b89a9bc38ae6374608034fe746652e8\",\"name\":\"Efa-Natur\",\"image\":{\"@type\":\"ImageObject\",\"inLanguage\":\"fr-FR\",\"@id\":\"https:\/\/naturclima-poctefa.eu\/fr\/#\/schema\/person\/image\/\",\"url\":\"https:\/\/secure.gravatar.com\/avatar\/02f8d12a54755c7c9223aedbcc1e59ee57522c5ad4b4a1800509a15030032ae6?s=96&d=mm&r=g\",\"contentUrl\":\"https:\/\/secure.gravatar.com\/avatar\/02f8d12a54755c7c9223aedbcc1e59ee57522c5ad4b4a1800509a15030032ae6?s=96&d=mm&r=g\",\"caption\":\"Efa-Natur\"},\"sameAs\":[\"http:\/\/naturclima-poctefa.eu\"]}]}<\/script>\n<!-- \/ Yoast SEO plugin. -->","yoast_head_json":{"title":"Du programme de sensibilisation d'Urbasa-Andia \u00e0 la formation en durabilit\u00e9 dans le nord-ouest de la Navarre &#8226; NaturClima","description":"Le projet NaturClima poursuit son d\u00e9veloppement de la sensibilisation sur les espaces naturels et la formation sur la gestion durable","robots":{"index":"index","follow":"follow","max-snippet":"max-snippet:-1","max-image-preview":"max-image-preview:large","max-video-preview":"max-video-preview:-1"},"canonical":"https:\/\/naturclima-poctefa.eu\/fr\/du-programme-de-sensibilisation-durbasa-andia-a-la-formation-en-durabilite-dans-le-nord-ouest-de-la-navarre\/","og_locale":"fr_FR","og_type":"article","og_title":"Du programme de sensibilisation d'Urbasa-Andia \u00e0 la formation en durabilit\u00e9 dans le nord-ouest de la Navarre &#8226; NaturClima","og_description":"Le projet NaturClima poursuit son d\u00e9veloppement de la sensibilisation sur les espaces naturels et la formation sur la gestion durable","og_url":"https:\/\/naturclima-poctefa.eu\/fr\/du-programme-de-sensibilisation-durbasa-andia-a-la-formation-en-durabilite-dans-le-nord-ouest-de-la-navarre\/","og_site_name":"NaturClima","article_publisher":"https:\/\/www.facebook.com\/naturclimapoctefa","article_published_time":"2022-05-02T06:00:25+00:00","article_modified_time":"2022-05-02T06:17:18+00:00","og_image":[{"width":1000,"height":750,"url":"https:\/\/naturclima-poctefa.eu\/wp-content\/uploads\/2022\/04\/formacion-para-la-gestion-sostenible.jpg","type":"image\/jpeg"}],"author":"Efa-Natur","twitter_card":"summary_large_image","twitter_misc":{"\u00c9crit par":"Efa-Natur","Dur\u00e9e de lecture estim\u00e9e":"4 minutes"},"schema":{"@context":"https:\/\/schema.org","@graph":[{"@type":"Article","@id":"https:\/\/naturclima-poctefa.eu\/fr\/du-programme-de-sensibilisation-durbasa-andia-a-la-formation-en-durabilite-dans-le-nord-ouest-de-la-navarre\/#article","isPartOf":{"@id":"https:\/\/naturclima-poctefa.eu\/fr\/du-programme-de-sensibilisation-durbasa-andia-a-la-formation-en-durabilite-dans-le-nord-ouest-de-la-navarre\/"},"author":{"name":"Efa-Natur","@id":"https:\/\/naturclima-poctefa.eu\/fr\/#\/schema\/person\/2b89a9bc38ae6374608034fe746652e8"},"headline":"Du programme de sensibilisation d&rsquo;Urbasa-Andia \u00e0 la formation en durabilit\u00e9 dans le nord-ouest de la Navarre","datePublished":"2022-05-02T06:00:25+00:00","dateModified":"2022-05-02T06:17:18+00:00","mainEntityOfPage":{"@id":"https:\/\/naturclima-poctefa.eu\/fr\/du-programme-de-sensibilisation-durbasa-andia-a-la-formation-en-durabilite-dans-le-nord-ouest-de-la-navarre\/"},"wordCount":765,"publisher":{"@id":"https:\/\/naturclima-poctefa.eu\/fr\/#organization"},"image":{"@id":"https:\/\/naturclima-poctefa.eu\/fr\/du-programme-de-sensibilisation-durbasa-andia-a-la-formation-en-durabilite-dans-le-nord-ouest-de-la-navarre\/#primaryimage"},"thumbnailUrl":"https:\/\/naturclima-poctefa.eu\/wp-content\/uploads\/2022\/04\/formacion-para-la-gestion-sostenible.jpg","articleSection":["nouvelles"],"inLanguage":"fr-FR"},{"@type":"WebPage","@id":"https:\/\/naturclima-poctefa.eu\/fr\/du-programme-de-sensibilisation-durbasa-andia-a-la-formation-en-durabilite-dans-le-nord-ouest-de-la-navarre\/","url":"https:\/\/naturclima-poctefa.eu\/fr\/du-programme-de-sensibilisation-durbasa-andia-a-la-formation-en-durabilite-dans-le-nord-ouest-de-la-navarre\/","name":"Du programme de sensibilisation d'Urbasa-Andia \u00e0 la formation en durabilit\u00e9 dans le nord-ouest de la Navarre &#8226; NaturClima","isPartOf":{"@id":"https:\/\/naturclima-poctefa.eu\/fr\/#website"},"primaryImageOfPage":{"@id":"https:\/\/naturclima-poctefa.eu\/fr\/du-programme-de-sensibilisation-durbasa-andia-a-la-formation-en-durabilite-dans-le-nord-ouest-de-la-navarre\/#primaryimage"},"image":{"@id":"https:\/\/naturclima-poctefa.eu\/fr\/du-programme-de-sensibilisation-durbasa-andia-a-la-formation-en-durabilite-dans-le-nord-ouest-de-la-navarre\/#primaryimage"},"thumbnailUrl":"https:\/\/naturclima-poctefa.eu\/wp-content\/uploads\/2022\/04\/formacion-para-la-gestion-sostenible.jpg","datePublished":"2022-05-02T06:00:25+00:00","dateModified":"2022-05-02T06:17:18+00:00","description":"Le projet NaturClima poursuit son d\u00e9veloppement de la sensibilisation sur les espaces naturels et la formation sur la gestion durable","inLanguage":"fr-FR","potentialAction":[{"@type":"ReadAction","target":["https:\/\/naturclima-poctefa.eu\/fr\/du-programme-de-sensibilisation-durbasa-andia-a-la-formation-en-durabilite-dans-le-nord-ouest-de-la-navarre\/"]}]},{"@type":"ImageObject","inLanguage":"fr-FR","@id":"https:\/\/naturclima-poctefa.eu\/fr\/du-programme-de-sensibilisation-durbasa-andia-a-la-formation-en-durabilite-dans-le-nord-ouest-de-la-navarre\/#primaryimage","url":"https:\/\/naturclima-poctefa.eu\/wp-content\/uploads\/2022\/04\/formacion-para-la-gestion-sostenible.jpg","contentUrl":"https:\/\/naturclima-poctefa.eu\/wp-content\/uploads\/2022\/04\/formacion-para-la-gestion-sostenible.jpg","width":1000,"height":750,"caption":"formation en durabilit\u00e9"},{"@type":"WebSite","@id":"https:\/\/naturclima-poctefa.eu\/fr\/#website","url":"https:\/\/naturclima-poctefa.eu\/fr\/","name":"NaturClima","description":"Cooperaci\u00f3n transfronteriza en la gesti\u00f3n y gobernanzaparticipativa de Espacios Naturales","publisher":{"@id":"https:\/\/naturclima-poctefa.eu\/fr\/#organization"},"potentialAction":[{"@type":"SearchAction","target":{"@type":"EntryPoint","urlTemplate":"https:\/\/naturclima-poctefa.eu\/fr\/?s={search_term_string}"},"query-input":{"@type":"PropertyValueSpecification","valueRequired":true,"valueName":"search_term_string"}}],"inLanguage":"fr-FR"},{"@type":"Organization","@id":"https:\/\/naturclima-poctefa.eu\/fr\/#organization","name":"NaturClima. Interreg-POCTEFA","url":"https:\/\/naturclima-poctefa.eu\/fr\/","logo":{"@type":"ImageObject","inLanguage":"fr-FR","@id":"https:\/\/naturclima-poctefa.eu\/fr\/#\/schema\/logo\/image\/","url":"https:\/\/naturclima-poctefa.eu\/wp-content\/uploads\/2021\/03\/Interreg-POCTEFA-NaturClima-RGB.png","contentUrl":"https:\/\/naturclima-poctefa.eu\/wp-content\/uploads\/2021\/03\/Interreg-POCTEFA-NaturClima-RGB.png","width":1843,"height":828,"caption":"NaturClima. Interreg-POCTEFA"},"image":{"@id":"https:\/\/naturclima-poctefa.eu\/fr\/#\/schema\/logo\/image\/"},"sameAs":["https:\/\/www.facebook.com\/naturclimapoctefa","https:\/\/www.instagram.com\/naturclimapoctefa\/"]},{"@type":"Person","@id":"https:\/\/naturclima-poctefa.eu\/fr\/#\/schema\/person\/2b89a9bc38ae6374608034fe746652e8","name":"Efa-Natur","image":{"@type":"ImageObject","inLanguage":"fr-FR","@id":"https:\/\/naturclima-poctefa.eu\/fr\/#\/schema\/person\/image\/","url":"https:\/\/secure.gravatar.com\/avatar\/02f8d12a54755c7c9223aedbcc1e59ee57522c5ad4b4a1800509a15030032ae6?s=96&d=mm&r=g","contentUrl":"https:\/\/secure.gravatar.com\/avatar\/02f8d12a54755c7c9223aedbcc1e59ee57522c5ad4b4a1800509a15030032ae6?s=96&d=mm&r=g","caption":"Efa-Natur"},"sameAs":["http:\/\/naturclima-poctefa.eu"]}]}},"_links":{"self":[{"href":"https:\/\/naturclima-poctefa.eu\/fr\/wp-json\/wp\/v2\/posts\/5598","targetHints":{"allow":["GET"]}}],"collection":[{"href":"https:\/\/naturclima-poctefa.eu\/fr\/wp-json\/wp\/v2\/posts"}],"about":[{"href":"https:\/\/naturclima-poctefa.eu\/fr\/wp-json\/wp\/v2\/types\/post"}],"author":[{"embeddable":true,"href":"https:\/\/naturclima-poctefa.eu\/fr\/wp-json\/wp\/v2\/users\/1"}],"replies":[{"embeddable":true,"href":"https:\/\/naturclima-poctefa.eu\/fr\/wp-json\/wp\/v2\/comments?post=5598"}],"version-history":[{"count":12,"href":"https:\/\/naturclima-poctefa.eu\/fr\/wp-json\/wp\/v2\/posts\/5598\/revisions"}],"predecessor-version":[{"id":5700,"href":"https:\/\/naturclima-poctefa.eu\/fr\/wp-json\/wp\/v2\/posts\/5598\/revisions\/5700"}],"wp:featuredmedia":[{"embeddable":true,"href":"https:\/\/naturclima-poctefa.eu\/fr\/wp-json\/wp\/v2\/media\/5595"}],"wp:attachment":[{"href":"https:\/\/naturclima-poctefa.eu\/fr\/wp-json\/wp\/v2\/media?parent=5598"}],"wp:term":[{"taxonomy":"category","embeddable":true,"href":"https:\/\/naturclima-poctefa.eu\/fr\/wp-json\/wp\/v2\/categories?post=5598"},{"taxonomy":"post_tag","embeddable":true,"href":"https:\/\/naturclima-poctefa.eu\/fr\/wp-json\/wp\/v2\/tags?post=5598"}],"curies":[{"name":"wp","href":"https:\/\/api.w.org\/{rel}","templated":true}]}}