{"id":2818,"date":"2021-05-18T11:34:31","date_gmt":"2021-05-18T11:34:31","guid":{"rendered":"https:\/\/naturclima-poctefa.eu\/?p=2818"},"modified":"2021-05-21T09:13:23","modified_gmt":"2021-05-21T09:13:23","slug":"comite-de-suivi-naturclima","status":"publish","type":"post","link":"https:\/\/naturclima-poctefa.eu\/fr\/comite-de-suivi-naturclima\/","title":{"rendered":"Comit\u00e9 de suivi NaturClima"},"content":{"rendered":"\n[et_pb_section fb_built=\u00a0\u00bb1&Prime; admin_label=\u00a0\u00bbsection\u00a0\u00bb _builder_version=\u00a0\u00bb4.9.2&Prime; custom_margin_tablet=\u00a0\u00bb-20px||||false|false\u00a0\u00bb custom_margin_phone=\u00a0\u00bb-20px||||false|false\u00a0\u00bb custom_margin_last_edited=\u00a0\u00bbon|phone\u00a0\u00bb custom_padding=\u00a0\u00bb0px||||false|false\u00a0\u00bb][et_pb_row admin_label=\u00a0\u00bbrow\u00a0\u00bb _builder_version=\u00a0\u00bb3.25&Prime; background_size=\u00a0\u00bbinitial\u00a0\u00bb background_position=\u00a0\u00bbtop_left\u00a0\u00bb background_repeat=\u00a0\u00bbrepeat\u00a0\u00bb][et_pb_column type=\u00a0\u00bb4_4&Prime; _builder_version=\u00a0\u00bb3.25&Prime; custom_padding=\u00a0\u00bb|||\u00a0\u00bb custom_padding__hover=\u00a0\u00bb|||\u00a0\u00bb][et_pb_post_title author=\u00a0\u00bboff\u00a0\u00bb date_format=\u00a0\u00bbd\/m\/Y\u00a0\u00bb comments=\u00a0\u00bboff\u00a0\u00bb _builder_version=\u00a0\u00bb4.9.4&Prime; _module_preset=\u00a0\u00bbdefault\u00a0\u00bb hover_enabled=\u00a0\u00bb0&Prime; featured_image=\u00a0\u00bboff\u00a0\u00bb sticky_enabled=\u00a0\u00bb0&Prime;][\/et_pb_post_title][et_pb_text admin_label=\u00a0\u00bbText\u00a0\u00bb _builder_version=\u00a0\u00bb4.9.4&Prime; background_size=\u00a0\u00bbinitial\u00a0\u00bb background_position=\u00a0\u00bbtop_left\u00a0\u00bb background_repeat=\u00a0\u00bbrepeat\u00a0\u00bb]<p>Un comit\u00e9 de suivi NaturClima se tiendra les 17 et 18 juin pour analyser l&rsquo;avancement du projet.<\/p>[\/et_pb_text][\/et_pb_column][\/et_pb_row][\/et_pb_section]\n","protected":false},"excerpt":{"rendered":"<p>Un comit\u00e9 de suivi NaturClima se tiendra les 17 et 18 juin pour analyser l&rsquo;avancement du projet.<\/p>\n","protected":false},"author":1,"featured_media":2887,"comment_status":"closed","ping_status":"closed","sticky":false,"template":"","format":"standard","meta":{"_et_pb_use_builder":"on","_et_pb_old_content":"","_et_gb_content_width":"","footnotes":""},"categories":[167],"tags":[],"class_list":["post-2818","post","type-post","status-publish","format-standard","has-post-thumbnail","hentry","category-nouvelles"],"yoast_head":"<!-- This site is optimized with the Yoast SEO plugin v26.9 - https:\/\/yoast.com\/product\/yoast-seo-wordpress\/ -->\n<title>Comit\u00e9 de suivi NaturClima &#8226; NaturClima<\/title>\n<meta name=\"description\" content=\"Un comit\u00e9 de suivi NaturClima se tiendra les 17 et 18 juin pour analyser l&#039;avancement du projet.\" \/>\n<meta name=\"robots\" content=\"index, follow, max-snippet:-1, max-image-preview:large, max-video-preview:-1\" \/>\n<link rel=\"canonical\" href=\"https:\/\/naturclima-poctefa.eu\/fr\/comite-de-suivi-naturclima\/\" \/>\n<meta property=\"og:locale\" content=\"fr_FR\" \/>\n<meta property=\"og:type\" content=\"article\" \/>\n<meta property=\"og:title\" content=\"Comit\u00e9 de suivi NaturClima &#8226; NaturClima\" \/>\n<meta property=\"og:description\" content=\"Un comit\u00e9 de suivi NaturClima se tiendra les 17 et 18 juin pour analyser l&#039;avancement du projet.\" \/>\n<meta property=\"og:url\" content=\"https:\/\/naturclima-poctefa.eu\/fr\/comite-de-suivi-naturclima\/\" \/>\n<meta property=\"og:site_name\" content=\"NaturClima\" \/>\n<meta property=\"article:publisher\" content=\"https:\/\/www.facebook.com\/naturclimapoctefa\" \/>\n<meta property=\"article:published_time\" content=\"2021-05-18T11:34:31+00:00\" \/>\n<meta property=\"article:modified_time\" content=\"2021-05-21T09:13:23+00:00\" \/>\n<meta property=\"og:image\" content=\"https:\/\/naturclima-poctefa.eu\/wp-content\/uploads\/2021\/05\/20210617-18.jpg\" \/>\n\t<meta property=\"og:image:width\" content=\"156\" \/>\n\t<meta property=\"og:image:height\" content=\"100\" \/>\n\t<meta property=\"og:image:type\" content=\"image\/jpeg\" \/>\n<meta name=\"author\" content=\"Efa-Natur\" \/>\n<meta name=\"twitter:card\" content=\"summary_large_image\" \/>\n<meta name=\"twitter:label1\" content=\"\u00c9crit par\" \/>\n\t<meta name=\"twitter:data1\" content=\"Efa-Natur\" \/>\n\t<meta name=\"twitter:label2\" content=\"Dur\u00e9e de lecture estim\u00e9e\" \/>\n\t<meta name=\"twitter:data2\" content=\"1 minute\" \/>\n<script type=\"application\/ld+json\" class=\"yoast-schema-graph\">{\"@context\":\"https:\/\/schema.org\",\"@graph\":[{\"@type\":\"Article\",\"@id\":\"https:\/\/naturclima-poctefa.eu\/fr\/comite-de-suivi-naturclima\/#article\",\"isPartOf\":{\"@id\":\"https:\/\/naturclima-poctefa.eu\/fr\/comite-de-suivi-naturclima\/\"},\"author\":{\"name\":\"Efa-Natur\",\"@id\":\"https:\/\/naturclima-poctefa.eu\/fr\/#\/schema\/person\/2b89a9bc38ae6374608034fe746652e8\"},\"headline\":\"Comit\u00e9 de suivi NaturClima\",\"datePublished\":\"2021-05-18T11:34:31+00:00\",\"dateModified\":\"2021-05-21T09:13:23+00:00\",\"mainEntityOfPage\":{\"@id\":\"https:\/\/naturclima-poctefa.eu\/fr\/comite-de-suivi-naturclima\/\"},\"wordCount\":142,\"publisher\":{\"@id\":\"https:\/\/naturclima-poctefa.eu\/fr\/#organization\"},\"image\":{\"@id\":\"https:\/\/naturclima-poctefa.eu\/fr\/comite-de-suivi-naturclima\/#primaryimage\"},\"thumbnailUrl\":\"https:\/\/naturclima-poctefa.eu\/wp-content\/uploads\/2021\/05\/20210617-18.jpg\",\"articleSection\":[\"nouvelles\"],\"inLanguage\":\"fr-FR\"},{\"@type\":\"WebPage\",\"@id\":\"https:\/\/naturclima-poctefa.eu\/fr\/comite-de-suivi-naturclima\/\",\"url\":\"https:\/\/naturclima-poctefa.eu\/fr\/comite-de-suivi-naturclima\/\",\"name\":\"Comit\u00e9 de suivi NaturClima &#8226; NaturClima\",\"isPartOf\":{\"@id\":\"https:\/\/naturclima-poctefa.eu\/fr\/#website\"},\"primaryImageOfPage\":{\"@id\":\"https:\/\/naturclima-poctefa.eu\/fr\/comite-de-suivi-naturclima\/#primaryimage\"},\"image\":{\"@id\":\"https:\/\/naturclima-poctefa.eu\/fr\/comite-de-suivi-naturclima\/#primaryimage\"},\"thumbnailUrl\":\"https:\/\/naturclima-poctefa.eu\/wp-content\/uploads\/2021\/05\/20210617-18.jpg\",\"datePublished\":\"2021-05-18T11:34:31+00:00\",\"dateModified\":\"2021-05-21T09:13:23+00:00\",\"description\":\"Un comit\u00e9 de suivi NaturClima se tiendra les 17 et 18 juin pour analyser l'avancement du projet.\",\"inLanguage\":\"fr-FR\",\"potentialAction\":[{\"@type\":\"ReadAction\",\"target\":[\"https:\/\/naturclima-poctefa.eu\/fr\/comite-de-suivi-naturclima\/\"]}]},{\"@type\":\"ImageObject\",\"inLanguage\":\"fr-FR\",\"@id\":\"https:\/\/naturclima-poctefa.eu\/fr\/comite-de-suivi-naturclima\/#primaryimage\",\"url\":\"https:\/\/naturclima-poctefa.eu\/wp-content\/uploads\/2021\/05\/20210617-18.jpg\",\"contentUrl\":\"https:\/\/naturclima-poctefa.eu\/wp-content\/uploads\/2021\/05\/20210617-18.jpg\",\"width\":156,\"height\":100,\"caption\":\"17\/06\/2021 y 18\/06\/2021\"},{\"@type\":\"WebSite\",\"@id\":\"https:\/\/naturclima-poctefa.eu\/fr\/#website\",\"url\":\"https:\/\/naturclima-poctefa.eu\/fr\/\",\"name\":\"NaturClima\",\"description\":\"Cooperaci\u00f3n transfronteriza en la gesti\u00f3n y gobernanzaparticipativa de Espacios Naturales\",\"publisher\":{\"@id\":\"https:\/\/naturclima-poctefa.eu\/fr\/#organization\"},\"potentialAction\":[{\"@type\":\"SearchAction\",\"target\":{\"@type\":\"EntryPoint\",\"urlTemplate\":\"https:\/\/naturclima-poctefa.eu\/fr\/?s={search_term_string}\"},\"query-input\":{\"@type\":\"PropertyValueSpecification\",\"valueRequired\":true,\"valueName\":\"search_term_string\"}}],\"inLanguage\":\"fr-FR\"},{\"@type\":\"Organization\",\"@id\":\"https:\/\/naturclima-poctefa.eu\/fr\/#organization\",\"name\":\"NaturClima. Interreg-POCTEFA\",\"url\":\"https:\/\/naturclima-poctefa.eu\/fr\/\",\"logo\":{\"@type\":\"ImageObject\",\"inLanguage\":\"fr-FR\",\"@id\":\"https:\/\/naturclima-poctefa.eu\/fr\/#\/schema\/logo\/image\/\",\"url\":\"https:\/\/naturclima-poctefa.eu\/wp-content\/uploads\/2021\/03\/Interreg-POCTEFA-NaturClima-RGB.png\",\"contentUrl\":\"https:\/\/naturclima-poctefa.eu\/wp-content\/uploads\/2021\/03\/Interreg-POCTEFA-NaturClima-RGB.png\",\"width\":1843,\"height\":828,\"caption\":\"NaturClima. Interreg-POCTEFA\"},\"image\":{\"@id\":\"https:\/\/naturclima-poctefa.eu\/fr\/#\/schema\/logo\/image\/\"},\"sameAs\":[\"https:\/\/www.facebook.com\/naturclimapoctefa\",\"https:\/\/www.instagram.com\/naturclimapoctefa\/\"]},{\"@type\":\"Person\",\"@id\":\"https:\/\/naturclima-poctefa.eu\/fr\/#\/schema\/person\/2b89a9bc38ae6374608034fe746652e8\",\"name\":\"Efa-Natur\",\"image\":{\"@type\":\"ImageObject\",\"inLanguage\":\"fr-FR\",\"@id\":\"https:\/\/naturclima-poctefa.eu\/fr\/#\/schema\/person\/image\/\",\"url\":\"https:\/\/secure.gravatar.com\/avatar\/02f8d12a54755c7c9223aedbcc1e59ee57522c5ad4b4a1800509a15030032ae6?s=96&d=mm&r=g\",\"contentUrl\":\"https:\/\/secure.gravatar.com\/avatar\/02f8d12a54755c7c9223aedbcc1e59ee57522c5ad4b4a1800509a15030032ae6?s=96&d=mm&r=g\",\"caption\":\"Efa-Natur\"},\"sameAs\":[\"http:\/\/naturclima-poctefa.eu\"]}]}<\/script>\n<!-- \/ Yoast SEO plugin. -->","yoast_head_json":{"title":"Comit\u00e9 de suivi NaturClima &#8226; NaturClima","description":"Un comit\u00e9 de suivi NaturClima se tiendra les 17 et 18 juin pour analyser l'avancement du projet.","robots":{"index":"index","follow":"follow","max-snippet":"max-snippet:-1","max-image-preview":"max-image-preview:large","max-video-preview":"max-video-preview:-1"},"canonical":"https:\/\/naturclima-poctefa.eu\/fr\/comite-de-suivi-naturclima\/","og_locale":"fr_FR","og_type":"article","og_title":"Comit\u00e9 de suivi NaturClima &#8226; NaturClima","og_description":"Un comit\u00e9 de suivi NaturClima se tiendra les 17 et 18 juin pour analyser l'avancement du projet.","og_url":"https:\/\/naturclima-poctefa.eu\/fr\/comite-de-suivi-naturclima\/","og_site_name":"NaturClima","article_publisher":"https:\/\/www.facebook.com\/naturclimapoctefa","article_published_time":"2021-05-18T11:34:31+00:00","article_modified_time":"2021-05-21T09:13:23+00:00","og_image":[{"width":156,"height":100,"url":"https:\/\/naturclima-poctefa.eu\/wp-content\/uploads\/2021\/05\/20210617-18.jpg","type":"image\/jpeg"}],"author":"Efa-Natur","twitter_card":"summary_large_image","twitter_misc":{"\u00c9crit par":"Efa-Natur","Dur\u00e9e de lecture estim\u00e9e":"1 minute"},"schema":{"@context":"https:\/\/schema.org","@graph":[{"@type":"Article","@id":"https:\/\/naturclima-poctefa.eu\/fr\/comite-de-suivi-naturclima\/#article","isPartOf":{"@id":"https:\/\/naturclima-poctefa.eu\/fr\/comite-de-suivi-naturclima\/"},"author":{"name":"Efa-Natur","@id":"https:\/\/naturclima-poctefa.eu\/fr\/#\/schema\/person\/2b89a9bc38ae6374608034fe746652e8"},"headline":"Comit\u00e9 de suivi NaturClima","datePublished":"2021-05-18T11:34:31+00:00","dateModified":"2021-05-21T09:13:23+00:00","mainEntityOfPage":{"@id":"https:\/\/naturclima-poctefa.eu\/fr\/comite-de-suivi-naturclima\/"},"wordCount":142,"publisher":{"@id":"https:\/\/naturclima-poctefa.eu\/fr\/#organization"},"image":{"@id":"https:\/\/naturclima-poctefa.eu\/fr\/comite-de-suivi-naturclima\/#primaryimage"},"thumbnailUrl":"https:\/\/naturclima-poctefa.eu\/wp-content\/uploads\/2021\/05\/20210617-18.jpg","articleSection":["nouvelles"],"inLanguage":"fr-FR"},{"@type":"WebPage","@id":"https:\/\/naturclima-poctefa.eu\/fr\/comite-de-suivi-naturclima\/","url":"https:\/\/naturclima-poctefa.eu\/fr\/comite-de-suivi-naturclima\/","name":"Comit\u00e9 de suivi NaturClima &#8226; NaturClima","isPartOf":{"@id":"https:\/\/naturclima-poctefa.eu\/fr\/#website"},"primaryImageOfPage":{"@id":"https:\/\/naturclima-poctefa.eu\/fr\/comite-de-suivi-naturclima\/#primaryimage"},"image":{"@id":"https:\/\/naturclima-poctefa.eu\/fr\/comite-de-suivi-naturclima\/#primaryimage"},"thumbnailUrl":"https:\/\/naturclima-poctefa.eu\/wp-content\/uploads\/2021\/05\/20210617-18.jpg","datePublished":"2021-05-18T11:34:31+00:00","dateModified":"2021-05-21T09:13:23+00:00","description":"Un comit\u00e9 de suivi NaturClima se tiendra les 17 et 18 juin pour analyser l'avancement du projet.","inLanguage":"fr-FR","potentialAction":[{"@type":"ReadAction","target":["https:\/\/naturclima-poctefa.eu\/fr\/comite-de-suivi-naturclima\/"]}]},{"@type":"ImageObject","inLanguage":"fr-FR","@id":"https:\/\/naturclima-poctefa.eu\/fr\/comite-de-suivi-naturclima\/#primaryimage","url":"https:\/\/naturclima-poctefa.eu\/wp-content\/uploads\/2021\/05\/20210617-18.jpg","contentUrl":"https:\/\/naturclima-poctefa.eu\/wp-content\/uploads\/2021\/05\/20210617-18.jpg","width":156,"height":100,"caption":"17\/06\/2021 y 18\/06\/2021"},{"@type":"WebSite","@id":"https:\/\/naturclima-poctefa.eu\/fr\/#website","url":"https:\/\/naturclima-poctefa.eu\/fr\/","name":"NaturClima","description":"Cooperaci\u00f3n transfronteriza en la gesti\u00f3n y gobernanzaparticipativa de Espacios Naturales","publisher":{"@id":"https:\/\/naturclima-poctefa.eu\/fr\/#organization"},"potentialAction":[{"@type":"SearchAction","target":{"@type":"EntryPoint","urlTemplate":"https:\/\/naturclima-poctefa.eu\/fr\/?s={search_term_string}"},"query-input":{"@type":"PropertyValueSpecification","valueRequired":true,"valueName":"search_term_string"}}],"inLanguage":"fr-FR"},{"@type":"Organization","@id":"https:\/\/naturclima-poctefa.eu\/fr\/#organization","name":"NaturClima. Interreg-POCTEFA","url":"https:\/\/naturclima-poctefa.eu\/fr\/","logo":{"@type":"ImageObject","inLanguage":"fr-FR","@id":"https:\/\/naturclima-poctefa.eu\/fr\/#\/schema\/logo\/image\/","url":"https:\/\/naturclima-poctefa.eu\/wp-content\/uploads\/2021\/03\/Interreg-POCTEFA-NaturClima-RGB.png","contentUrl":"https:\/\/naturclima-poctefa.eu\/wp-content\/uploads\/2021\/03\/Interreg-POCTEFA-NaturClima-RGB.png","width":1843,"height":828,"caption":"NaturClima. Interreg-POCTEFA"},"image":{"@id":"https:\/\/naturclima-poctefa.eu\/fr\/#\/schema\/logo\/image\/"},"sameAs":["https:\/\/www.facebook.com\/naturclimapoctefa","https:\/\/www.instagram.com\/naturclimapoctefa\/"]},{"@type":"Person","@id":"https:\/\/naturclima-poctefa.eu\/fr\/#\/schema\/person\/2b89a9bc38ae6374608034fe746652e8","name":"Efa-Natur","image":{"@type":"ImageObject","inLanguage":"fr-FR","@id":"https:\/\/naturclima-poctefa.eu\/fr\/#\/schema\/person\/image\/","url":"https:\/\/secure.gravatar.com\/avatar\/02f8d12a54755c7c9223aedbcc1e59ee57522c5ad4b4a1800509a15030032ae6?s=96&d=mm&r=g","contentUrl":"https:\/\/secure.gravatar.com\/avatar\/02f8d12a54755c7c9223aedbcc1e59ee57522c5ad4b4a1800509a15030032ae6?s=96&d=mm&r=g","caption":"Efa-Natur"},"sameAs":["http:\/\/naturclima-poctefa.eu"]}]}},"_links":{"self":[{"href":"https:\/\/naturclima-poctefa.eu\/fr\/wp-json\/wp\/v2\/posts\/2818","targetHints":{"allow":["GET"]}}],"collection":[{"href":"https:\/\/naturclima-poctefa.eu\/fr\/wp-json\/wp\/v2\/posts"}],"about":[{"href":"https:\/\/naturclima-poctefa.eu\/fr\/wp-json\/wp\/v2\/types\/post"}],"author":[{"embeddable":true,"href":"https:\/\/naturclima-poctefa.eu\/fr\/wp-json\/wp\/v2\/users\/1"}],"replies":[{"embeddable":true,"href":"https:\/\/naturclima-poctefa.eu\/fr\/wp-json\/wp\/v2\/comments?post=2818"}],"version-history":[{"count":9,"href":"https:\/\/naturclima-poctefa.eu\/fr\/wp-json\/wp\/v2\/posts\/2818\/revisions"}],"predecessor-version":[{"id":2898,"href":"https:\/\/naturclima-poctefa.eu\/fr\/wp-json\/wp\/v2\/posts\/2818\/revisions\/2898"}],"wp:featuredmedia":[{"embeddable":true,"href":"https:\/\/naturclima-poctefa.eu\/fr\/wp-json\/wp\/v2\/media\/2887"}],"wp:attachment":[{"href":"https:\/\/naturclima-poctefa.eu\/fr\/wp-json\/wp\/v2\/media?parent=2818"}],"wp:term":[{"taxonomy":"category","embeddable":true,"href":"https:\/\/naturclima-poctefa.eu\/fr\/wp-json\/wp\/v2\/categories?post=2818"},{"taxonomy":"post_tag","embeddable":true,"href":"https:\/\/naturclima-poctefa.eu\/fr\/wp-json\/wp\/v2\/tags?post=2818"}],"curies":[{"name":"wp","href":"https:\/\/api.w.org\/{rel}","templated":true}]}}